{"id":5033,"date":"2025-07-18T21:46:21","date_gmt":"2025-07-18T19:46:21","guid":{"rendered":"https:\/\/agetech.pl\/?p=5033"},"modified":"2025-07-18T21:46:24","modified_gmt":"2025-07-18T19:46:24","slug":"nowy-zegar-biologiczny-do-przewidywania-utraty-masy-miesniowej","status":"publish","type":"post","link":"https:\/\/agetech.pl\/index.php\/2025\/07\/18\/nowy-zegar-biologiczny-do-przewidywania-utraty-masy-miesniowej\/","title":{"rendered":"Nowy zegar biologiczny do przewidywania utraty masy mi\u0119\u015bniowej"},"content":{"rendered":"\n<p>Kiedy my\u015blimy o starzeniu si\u0119, najcz\u0119\u015bciej skupiamy si\u0119 na zmianach zewn\u0119trznych &#8211; siwych w\u0142osach, zmarszczkach czy wolniejszych ruchach. Jednak najwa\u017cniejsze procesy starzenia zachodz\u0105 g\u0142\u0119biej, w naszych mi\u0119\u015bniach, kt\u00f3re po 30. roku \u017cycia zaczynaj\u0105 traci\u0107 swoj\u0105 mas\u0119 w tempie oko\u0142o 3-8% na dekad\u0119. Ta niezauwa\u017calna pocz\u0105tkowo utrata mo\u017ce prowadzi\u0107 do sarkopeniji &#8211; stanu charakteryzuj\u0105cego si\u0119 znacznym os\u0142abieniem mi\u0119\u015bni, kt\u00f3re dotyka miliony os\u00f3b na \u015bwiecie. Ale co gdyby mo\u017cna by\u0142o przewidzie\u0107 ten proces znacznie wcze\u015bniej, zanim pierwsze objawy stan\u0105 si\u0119 widoczne?<\/p>\n\n\n\n<h2 class=\"wp-block-heading\" id=\"przeomowe-badanie-z-uniwersytetu-sassari\">Prze\u0142omowe badanie z Uniwersytetu Sassari<\/h2>\n\n\n\n<p><strong>9 czerwca 2025 roku<\/strong>&nbsp;w presti\u017cowym czasopi\u015bmie &#8222;Aging&#8221; (Aging-US) opublikowano prze\u0142omowe badanie, kt\u00f3re mo\u017ce zrewolucjonizowa\u0107 spos\u00f3b przewidywania starzenia si\u0119 mi\u0119\u015bni<a rel=\"noreferrer noopener\" target=\"_blank\" href=\"https:\/\/www.news-medical.net\/news\/20250717\/New-tool-measures-how-quickly-muscles-age-to-predict-sarcopenia-risk.aspx\"><\/a><a rel=\"noreferrer noopener\" target=\"_blank\" href=\"https:\/\/www.aging-us.com\/news-room\/new-aging-clock-predicts-early-risk-of-muscle-loss-in-older-adults\"><\/a>.&nbsp;Zesp\u00f3\u0142 naukowc\u00f3w z Uniwersytetu Sassari pod kierunkiem profesor Francy Deriu, we wsp\u00f3\u0142pracy z pierwszymi autorami Luci\u0105 Ventur\u0105, Antonell\u0105 Cano i Marco Morrone, przedstawi\u0142 nowatorski&nbsp;<strong>zegar biologiczny MAA (Muscle Age Acceleration)<\/strong>&nbsp;&#8211; narz\u0119dzie diagnostyczne zdolne do identyfikowania os\u00f3b z przyspieszonym starzeniem mi\u0119\u015bni<a rel=\"noreferrer noopener\" target=\"_blank\" href=\"https:\/\/www.news-medical.net\/news\/20250717\/New-tool-measures-how-quickly-muscles-age-to-predict-sarcopenia-risk.aspx\"><\/a>.<\/p>\n\n\n\n<p>To nie jest kolejny skomplikowany test wymagaj\u0105cy kosztownych bada\u0144 laboratoryjnych.&nbsp;<strong>MAA wykorzystuje powszechnie dost\u0119pne testy fizyczne<\/strong>, kt\u00f3re mo\u017cna przeprowadzi\u0107 w ka\u017cdym gabinecie lekarskim czy o\u015brodku zdrowia. Badanie obj\u0119\u0142o&nbsp;<strong>215 zdrowych uczestnik\u00f3w w wieku 50-90 lat<\/strong>&nbsp;i wykaza\u0142o, \u017ce oko\u0142o&nbsp;<strong>25% pozornie zdrowych os\u00f3b do\u015bwiadcza przyspieszonego starzenia mi\u0119\u015bni<\/strong><a rel=\"noreferrer noopener\" target=\"_blank\" href=\"https:\/\/www.news-medical.net\/news\/20250717\/New-tool-measures-how-quickly-muscles-age-to-predict-sarcopenia-risk.aspx\"><\/a><a rel=\"noreferrer noopener\" target=\"_blank\" href=\"https:\/\/www.aging-us.com\/news-room\/new-aging-clock-predicts-early-risk-of-muscle-loss-in-older-adults\"><\/a>.<\/p>\n\n\n\n<h2 class=\"wp-block-heading\" id=\"jak-dziaa-zegar-maa\">Jak dzia\u0142a zegar MAA?<\/h2>\n\n\n\n<p>Zegar MAA opiera si\u0119 na trzech kluczowych testach rekomendowanych przez&nbsp;<strong>Europejsk\u0105 Grup\u0119 Robocz\u0105 ds. Sarkopeniji u Os\u00f3b Starszych (EWGSOP)<\/strong><a rel=\"noreferrer noopener\" target=\"_blank\" href=\"https:\/\/www.news-medical.net\/news\/20250717\/New-tool-measures-how-quickly-muscles-age-to-predict-sarcopenia-risk.aspx\"><\/a><a rel=\"noreferrer noopener\" target=\"_blank\" href=\"https:\/\/scienceblog.com\/muscle-age-clock-predicts-sarcopenia-risk-years-before-symptoms\/\"><\/a>:<\/p>\n\n\n\n<p><strong>Test si\u0142y chwytu d\u0142oni (Handgrip)<\/strong>&nbsp;&#8211; mierzy si\u0142\u0119 mi\u0119\u015bni za pomoc\u0105 dynamometru, kt\u00f3ry ka\u017cdy mo\u017ce \u015bcisn\u0105\u0107 w d\u0142oni. Ten prosty test okaza\u0142 si\u0119 jednym z najwa\u017cniejszych predyktor\u00f3w przysz\u0142ego stanu mi\u0119\u015bni<a rel=\"noreferrer noopener\" target=\"_blank\" href=\"https:\/\/scienceblog.com\/muscle-age-clock-predicts-sarcopenia-risk-years-before-symptoms\/\"><\/a>.<\/p>\n\n\n\n<p><strong>Test &#8222;wsta\u0144 i id\u017a&#8221; (Timed Up and Go &#8211; TUG)<\/strong>&nbsp;&#8211; uczestnik wstaje z krzes\u0142a, przechodzi wyznaczony dystans, wraca i ponownie siada. Ten test ocenia mobilno\u015b\u0107, r\u00f3wnowag\u0119 i funkcjonalno\u015b\u0107 mi\u0119\u015bni<a rel=\"noreferrer noopener\" target=\"_blank\" href=\"https:\/\/www.news-medical.net\/news\/20250717\/New-tool-measures-how-quickly-muscles-age-to-predict-sarcopenia-risk.aspx\"><\/a><a rel=\"noreferrer noopener\" target=\"_blank\" href=\"https:\/\/scienceblog.com\/muscle-age-clock-predicts-sarcopenia-risk-years-before-symptoms\/\"><\/a>.<\/p>\n\n\n\n<p><strong>Pomiar szybko\u015bci chodzenia<\/strong>&nbsp;&#8211; wydawa\u0142oby si\u0119 banalny, ale tempo chodzenia to jeden z najsilniejszych wska\u017anik\u00f3w og\u00f3lnego stanu zdrowia i kondycji mi\u0119\u015bniowej<a rel=\"noreferrer noopener\" target=\"_blank\" href=\"https:\/\/www.news-medical.net\/news\/20250717\/New-tool-measures-how-quickly-muscles-age-to-predict-sarcopenia-risk.aspx\"><\/a>.<\/p>\n\n\n\n<p>Wykorzystuj\u0105c&nbsp;<strong>regresj\u0119 Elastic Net<\/strong>, naukowcy opracowali modele predykcyjne, kt\u00f3re pozwalaj\u0105 klasyfikowa\u0107 osoby do trzech grup: z przyspieszonym, normalnym lub spowolnionym starzeniem mi\u0119\u015bni<a rel=\"noreferrer noopener\" target=\"_blank\" href=\"https:\/\/www.news-medical.net\/news\/20250717\/New-tool-measures-how-quickly-muscles-age-to-predict-sarcopenia-risk.aspx\"><\/a><a rel=\"noreferrer noopener\" target=\"_blank\" href=\"https:\/\/www.frontiersin.org\/journals\/aging\/articles\/10.3389\/fragi.2025.1588014\/pdf\"><\/a>.<\/p>\n\n\n\n<h2 class=\"wp-block-heading\" id=\"rewolucyjne-wyniki-badania\">Rewolucyjne wyniki badania<\/h2>\n\n\n\n<p>Najwa\u017cniejsze odkrycie dotyczy&nbsp;<strong>r\u00f3\u017cnic w ryzyku rozwoju sarkopeniji<\/strong>&nbsp;mi\u0119dzy poszczeg\u00f3lnymi grupami. Osoby z przyspieszonym starzeniem mi\u0119\u015bni wykazywa\u0142y&nbsp;<strong>19% prawdopodobie\u0144stwa rozwoju sarkopeniji<\/strong>, w por\u00f3wnaniu do zaledwie&nbsp;<strong>9% u os\u00f3b z normalnym tempem starzenia<\/strong>&nbsp;i&nbsp;<strong>2% u os\u00f3b ze spowolnionym procesem<\/strong>&nbsp;(p &lt; 0,0001)<a rel=\"noreferrer noopener\" target=\"_blank\" href=\"https:\/\/www.news-medical.net\/news\/20250717\/New-tool-measures-how-quickly-muscles-age-to-predict-sarcopenia-risk.aspx\"><\/a><a rel=\"noreferrer noopener\" target=\"_blank\" href=\"https:\/\/www.aging-us.com\/news-room\/new-aging-clock-predicts-early-risk-of-muscle-loss-in-older-adults\"><\/a>.<\/p>\n\n\n\n<p>Co wi\u0119cej, osoby z przyspieszonym starzeniem mi\u0119\u015bni wykazywa\u0142y r\u00f3wnie\u017c&nbsp;<strong>subkliniczne zmiany w markerach krwi<\/strong>, sugeruj\u0105ce wczesne i ukryte procesy zapalne zwi\u0105zane z degradacj\u0105 mi\u0119\u015bni<a rel=\"noreferrer noopener\" target=\"_blank\" href=\"https:\/\/www.news-medical.net\/news\/20250717\/New-tool-measures-how-quickly-muscles-age-to-predict-sarcopenia-risk.aspx\"><\/a><a rel=\"noreferrer noopener\" target=\"_blank\" href=\"https:\/\/www.aging-us.com\/news-room\/new-aging-clock-predicts-early-risk-of-muscle-loss-in-older-adults\"><\/a>.&nbsp;To odkrycie wskazuje, \u017ce MAA mo\u017ce dzia\u0142a\u0107 nie tylko jako predyktor starzenia mi\u0119\u015bni, ale tak\u017ce jako wska\u017anik og\u00f3lnych zagro\u017ce\u0144 zdrowotnych.<\/p>\n\n\n\n<h2 class=\"wp-block-heading\" id=\"znaczenie-dla-zdrowia-publicznego\">Znaczenie dla zdrowia publicznego<\/h2>\n\n\n\n<p>Sarkopenija to nie tylko problem medyczny &#8211; to&nbsp;<strong>wyzwanie spo\u0142eczno-ekonomiczne o ogromnych rozmiarach<\/strong>. Wed\u0142ug prognoz demograficznych, liczba os\u00f3b z sarkopeni\u0105 w Europie wzro\u015bnie z&nbsp;<strong>10,9 miliona w 2016 roku do 18,7 miliona w 2045 roku<\/strong>&nbsp;&#8211; wzrost o&nbsp;<strong>72,4%<\/strong><a rel=\"noreferrer noopener\" target=\"_blank\" href=\"https:\/\/wagarowicze.pl\/3-rzeczy-ktore-cofna-wiek-biologiczny\/\"><\/a>.&nbsp;Og\u00f3lna prevalencja sarkopeniji w\u015br\u00f3d os\u00f3b starszych wzro\u015bnie z&nbsp;<strong>11,1% w 2016 roku do 12,9% w 2045 roku<\/strong><a rel=\"noreferrer noopener\" target=\"_blank\" href=\"https:\/\/wagarowicze.pl\/3-rzeczy-ktore-cofna-wiek-biologiczny\/\"><\/a>.<\/p>\n\n\n\n<p>W Polsce sytuacja jest r\u00f3wnie powa\u017cna. Badania wskazuj\u0105, \u017ce&nbsp;<strong>ryzyko sarkopeniji dotyczy 18,6% polskiej populacji starszej (22,3% kobiet i 13,2% m\u0119\u017cczyzn)<\/strong>, przy czym cz\u0119sto\u015b\u0107 wyst\u0119powania znacznie wzrasta z wiekiem<a rel=\"noreferrer noopener\" target=\"_blank\" href=\"https:\/\/news.drgator.ufl.edu\/2022\/11\/17\/research-spotlight-the-biological-clock-and-its-potential-clinical-applications\/\"><\/a>.<\/p>\n\n\n\n<h2 class=\"wp-block-heading\" id=\"kontekst-naukowy-rozwj-zegarw-biologicznych\">Kontekst naukowy: rozw\u00f3j zegar\u00f3w biologicznych<\/h2>\n\n\n\n<p>Narz\u0119dzie MAA wpisuje si\u0119 w szerszy trend rozwoju&nbsp;<strong>zegar\u00f3w biologicznych<\/strong>&nbsp;&#8211; narz\u0119dzi s\u0142u\u017c\u0105cych do oceny rzeczywistego tempa starzenia organizmu. Pierwsze zegary epigenetyczne, takie jak&nbsp;<strong>zegar Horvatha<\/strong>, opiera\u0142y si\u0119 na analizie metylacji DNA<a rel=\"noreferrer noopener\" target=\"_blank\" href=\"https:\/\/www.sciencedirect.com\/science\/article\/pii\/S1279770723015968\"><\/a>.&nbsp;Jednak te metody, cho\u0107 precyzyjne, wymagaj\u0105 kosztownych bada\u0144 laboratoryjnych i nie sprawdza\u0142y si\u0119 dobrze w tkance mi\u0119\u015bniowej<a rel=\"noreferrer noopener\" target=\"_blank\" href=\"https:\/\/pmc.ncbi.nlm.nih.gov\/articles\/PMC7432573\/\"><\/a>.<\/p>\n\n\n\n<p><strong>Zegar MAA reprezentuje nowe podej\u015bcie &#8211; zegar fenotypowy<\/strong>, kt\u00f3ry wykorzystuje bezpo\u015brednie pomiary funkcji fizycznych zamiast marker\u00f3w molekularnych<a rel=\"noreferrer noopener\" target=\"_blank\" href=\"https:\/\/www.news-medical.net\/news\/20250717\/New-tool-measures-how-quickly-muscles-age-to-predict-sarcopenia-risk.aspx\"><\/a>.&nbsp;Ta metodologia jest nie tylko&nbsp;<strong>ta\u0144sza i bardziej dost\u0119pna<\/strong>, ale tak\u017ce&nbsp;<strong>lepiej odzwierciedla faktyczne zmiany funkcjonalne<\/strong>&nbsp;zachodz\u0105ce w procesie starzenia.<\/p>\n\n\n\n<h2 class=\"wp-block-heading\" id=\"przysze-zastosowania-kliniczne\">Przysz\u0142e zastosowania kliniczne<\/h2>\n\n\n\n<p>Prostota narz\u0119dzia MAA otwiera mo\u017cliwo\u015bci jego&nbsp;<strong>szerokiego zastosowania w praktyce klinicznej<\/strong>. Test mo\u017cna przeprowadzi\u0107 w gabinecie lekarza rodzinnego, podczas wizyt geriatrycznych czy w o\u015brodkach zdrowia<a rel=\"noreferrer noopener\" target=\"_blank\" href=\"https:\/\/www.news-medical.net\/news\/20250717\/New-tool-measures-how-quickly-muscles-age-to-predict-sarcopenia-risk.aspx\"><\/a><a rel=\"noreferrer noopener\" target=\"_blank\" href=\"https:\/\/scienceblog.com\/muscle-age-clock-predicts-sarcopenia-risk-years-before-symptoms\/\"><\/a>.&nbsp;Wczesna identyfikacja os\u00f3b z przyspieszonym starzeniem mi\u0119\u015bni pozwala na:<\/p>\n\n\n\n<p><strong>Wprowadzenie celowanych program\u00f3w \u0107wicze\u0144<\/strong>&nbsp;&#8211; szczeg\u00f3lnie treningu si\u0142owego, kt\u00f3ry udowodniono spowalnia utrat\u0119 masy mi\u0119\u015bniowej<a rel=\"noreferrer noopener\" target=\"_blank\" href=\"https:\/\/scienceblog.com\/muscle-age-clock-predicts-sarcopenia-risk-years-before-symptoms\/\"><\/a>.<\/p>\n\n\n\n<p><strong>Optymalizacj\u0119 \u017cywienia<\/strong>&nbsp;&#8211; zwi\u0119kszenie spo\u017cycia bia\u0142ka i innych sk\u0142adnik\u00f3w od\u017cywczych kluczowych dla zdrowia mi\u0119\u015bni<a rel=\"noreferrer noopener\" target=\"_blank\" href=\"https:\/\/scienceblog.com\/muscle-age-clock-predicts-sarcopenia-risk-years-before-symptoms\/\"><\/a>.<\/p>\n\n\n\n<p><strong>Monitorowanie chor\u00f3b towarzysz\u0105cych<\/strong>&nbsp;&#8211; kt\u00f3re mog\u0105 przyspiesza\u0107 utrat\u0119 masy mi\u0119\u015bniowej<a rel=\"noreferrer noopener\" target=\"_blank\" href=\"https:\/\/scienceblog.com\/muscle-age-clock-predicts-sarcopenia-risk-years-before-symptoms\/\"><\/a>.<\/p>\n\n\n\n<p><strong>Modyfikacj\u0119 stylu \u017cycia<\/strong>&nbsp;&#8211; w tym walk\u0119 ze stanem zapalnym organizmu<a rel=\"noreferrer noopener\" target=\"_blank\" href=\"https:\/\/scienceblog.com\/muscle-age-clock-predicts-sarcopenia-risk-years-before-symptoms\/\"><\/a>.<\/p>\n\n\n\n<h2 class=\"wp-block-heading\" id=\"ograniczenia-i-perspektywy\">Ograniczenia i perspektywy<\/h2>\n\n\n\n<p>Cho\u0107 wyniki badania s\u0105 obiecuj\u0105ce, naukowcy podkre\u015blaj\u0105 potrzeb\u0119&nbsp;<strong>dalszych bada\u0144 walidacyjnych<\/strong>&nbsp;w wi\u0119kszych grupach i r\u00f3\u017cnych populacjach<a rel=\"noreferrer noopener\" target=\"_blank\" href=\"https:\/\/www.news-medical.net\/news\/20250717\/New-tool-measures-how-quickly-muscles-age-to-predict-sarcopenia-risk.aspx\"><\/a>.&nbsp;Obecnie MAA zosta\u0142 opracowany na podstawie danych z populacji kaukaskiej, co mo\u017ce ogranicza\u0107 jego stosowanie w innych grupach etnicznych.<\/p>\n\n\n\n<p>Ponadto, badanie mia\u0142o charakter przekrojowy, wi\u0119c nie mo\u017cna by\u0142o obserwowa\u0107 d\u0142ugoterminowych zmian w czasie.&nbsp;<strong>Badania longitudinalne<\/strong>&nbsp;s\u0105 niezb\u0119dne, aby potwierdzi\u0107 zdolno\u015b\u0107 MAA do przewidywania rzeczywistego rozwoju sarkopeniji w d\u0142u\u017cszej perspektywie.<\/p>\n\n\n\n<h2 class=\"wp-block-heading\" id=\"rewolucja-w-medycynie-prewencyjnej\">Rewolucja w medycynie prewencyjnej<\/h2>\n\n\n\n<p>Narz\u0119dzie MAA mo\u017ce zapocz\u0105tkowa\u0107&nbsp;<strong>now\u0105 er\u0119 w medycynie prewencyjnej<\/strong>. Zamiast czeka\u0107 na pojawienie si\u0119 objaw\u00f3w sarkopeniji, lekarze b\u0119d\u0105 mogli identyfikowa\u0107 osoby zagro\u017cone znacznie wcze\u015bniej i wprowadza\u0107 odpowiednie interwencje.<\/p>\n\n\n\n<p>Dr Franca Deriu, g\u0142\u00f3wny autor badania, podkre\u015bla:\u00a0<em>&#8222;Zdrowi, mieszkaj\u0105cy w spo\u0142eczno\u015bci doro\u015bli w \u015brednim i starszym wieku mog\u0105 by\u0107 skutecznie klasyfikowani pod wzgl\u0119dem ich indywidualnych trajektorii starzenia mi\u0119\u015bniowo-szkieletowego za pomoc\u0105 nowatorskiego zegara mi\u0119\u015bniowego MAA&#8221;<\/em><a href=\"https:\/\/www.news-medical.net\/news\/20250717\/New-tool-measures-how-quickly-muscles-age-to-predict-sarcopenia-risk.aspx\" target=\"_blank\" rel=\"noreferrer noopener\"><\/a><a href=\"https:\/\/www.aging-us.com\/news-room\/new-aging-clock-predicts-early-risk-of-muscle-loss-in-older-adults\" target=\"_blank\" rel=\"noreferrer noopener\"><\/a>.<\/p>\n\n\n\n<p>Rozw\u00f3j zegara biologicznego MAA to&nbsp;<strong>prze\u0142omowy krok w kierunku personalizowanej medycyny starzenia<\/strong>. Wykorzystuj\u0105c proste, powszechnie dost\u0119pne testy, mo\u017cemy teraz przewidywa\u0107, kt\u00f3re osoby s\u0105 nara\u017cone na przyspieszony proces starzenia mi\u0119\u015bni, jeszcze zanim pojawi\u0105 si\u0119 pierwsze objawy.<\/p>\n\n\n\n<p>W kontek\u015bcie starzej\u0105cych si\u0119 spo\u0142ecze\u0144stw i rosn\u0105cych koszt\u00f3w opieki zdrowotnej, narz\u0119dzia takie jak MAA mog\u0105 odegra\u0107 kluczow\u0105 rol\u0119 w&nbsp;<strong>utrzymaniu niezale\u017cno\u015bci i jako\u015bci \u017cycia os\u00f3b starszych<\/strong>. Wczesna identyfikacja i interwencja mog\u0105 nie tylko zapobiec rozwojowi sarkopeniji, ale tak\u017ce zmniejszy\u0107 ryzyko upadk\u00f3w, z\u0142ama\u0144 i innych powik\u0142a\u0144 zwi\u0105zanych z os\u0142abieniem mi\u0119\u015bni.<\/p>\n\n\n\n<p>Badanie opublikowane w &#8222;Aging-US&#8221; to dopiero pocz\u0105tek. Je\u015bli dalsze badania potwierdz\u0105 skuteczno\u015b\u0107 MAA, mo\u017ce to zrewolucjonizowa\u0107 spos\u00f3b, w jaki podchodzimy do starzenia si\u0119 &#8211; od reaktywnego leczenia do proaktywnej prewencji.<\/p>\n\n\n\n<p>jw<\/p>\n\n\n\n<hr class=\"wp-block-separator has-alpha-channel-opacity\"\/>\n\n\n\n<h3 class=\"wp-block-heading\" id=\"rda\">\u0179r\u00f3d\u0142a<\/h3>\n\n\n\n<ul class=\"wp-block-list\">\n<li><a href=\"https:\/\/www.news-medical.net\/news\/20250717\/New-tool-measures-how-quickly-muscles-age-to-predict-sarcopenia-risk.aspx\">https:\/\/www.news-medical.net\/news\/20250717\/New-tool-measures-how-quickly-muscles-age-to-predict-sarcopenia-risk.aspx<\/a><\/li>\n\n\n\n<li><a href=\"https:\/\/pmc.ncbi.nlm.nih.gov\/articles\/PMC7432573\">https:\/\/pmc.ncbi.nlm.nih.gov\/articles\/PMC7432573<\/a><\/li>\n\n\n\n<li><a href=\"https:\/\/www.aging-us.com\/news-room\/new-aging-clock-predicts-early-risk-of-muscle-loss-in-older-adults\">https:\/\/www.aging-us.com\/news-room\/new-aging-clock-predicts-early-risk-of-muscle-loss-in-older-adults<\/a><\/li>\n\n\n\n<li><a href=\"https:\/\/scienceblog.com\/muscle-age-clock-predicts-sarcopenia-risk-years-before-symptoms\">https:\/\/scienceblog.com\/muscle-age-clock-predicts-sarcopenia-risk-years-before-symptoms<\/a><\/li>\n\n\n\n<li><a href=\"https:\/\/www.aging-us.com\/article\/206269\">https:\/\/www.aging-us.com\/article\/206269<\/a><\/li>\n\n\n\n<li><a href=\"https:\/\/www.mdpi.com\/2072-6643\/14\/17\/3466\">https:\/\/www.mdpi.com\/2072-6643\/14\/17\/3466<\/a><\/li>\n<\/ul>\n","protected":false},"excerpt":{"rendered":"Najwa\u017cniejsze procesy starzenia zachodz\u0105 w naszych mi\u0119\u015bniach, kt\u00f3re po 30. roku \u017cycia zaczynaj\u0105 traci\u0107 swoj\u0105 mas\u0119 w tempie oko\u0142o 3-8% na dekad\u0119. Ta niezauwa\u017calna pocz\u0105tkowo utrata mo\u017ce prowadzi\u0107 do sarkopeniji.","protected":false},"author":5,"featured_media":5034,"comment_status":"closed","ping_status":"open","sticky":false,"template":"","format":"standard","meta":{"_price":"","_stock":"","_tribe_ticket_header":"","_tribe_default_ticket_provider":"","_ticket_start_date":"","_ticket_end_date":"","_tribe_ticket_show_description":"","_tribe_ticket_show_not_going":false,"_tribe_ticket_use_global_stock":"","_tribe_ticket_global_stock_level":"","_global_stock_mode":"","_global_stock_cap":"","_tribe_rsvp_for_event":"","_tribe_ticket_going_count":"","_tribe_ticket_not_going_count":"","_tribe_tickets_list":"[]","_tribe_ticket_has_attendee_info_fields":false,"csco_display_header_overlay":false,"csco_singular_sidebar":"","csco_page_header_type":"","csco_page_load_nextpost":"","csco_post_video_location":[],"csco_post_video_location_hash":"","csco_post_video_url":"","csco_post_video_bg_start_time":0,"csco_post_video_bg_end_time":0,"_jetpack_memberships_contains_paid_content":false,"footnotes":""},"categories":[54,3],"tags":[32,31],"class_list":["post-5033","post","type-post","status-publish","format-standard","has-post-thumbnail","category-opieka-nad-seniorami","category-zdrowie-seniorow","tag-opieka","tag-zdrowie","cs-entry","cs-video-wrap"],"yoast_head":"<!-- This site is optimized with the Yoast SEO plugin v27.1.1 - https:\/\/yoast.com\/product\/yoast-seo-wordpress\/ -->\n<title>Nowy zegar biologiczny do przewidywania utraty masy mi\u0119\u015bniowej - AgeTech Polska<\/title>\n<meta name=\"robots\" content=\"index, follow, max-snippet:-1, max-image-preview:large, max-video-preview:-1\" \/>\n<link rel=\"canonical\" href=\"https:\/\/agetech.pl\/index.php\/2025\/07\/18\/nowy-zegar-biologiczny-do-przewidywania-utraty-masy-miesniowej\/\" \/>\n<meta property=\"og:locale\" content=\"pl_PL\" \/>\n<meta property=\"og:type\" content=\"article\" \/>\n<meta property=\"og:title\" content=\"Nowy zegar biologiczny do przewidywania utraty masy mi\u0119\u015bniowej - AgeTech Polska\" \/>\n<meta property=\"og:description\" content=\"Najwa\u017cniejsze procesy starzenia zachodz\u0105 w naszych mi\u0119\u015bniach, kt\u00f3re po 30. roku \u017cycia zaczynaj\u0105 traci\u0107 swoj\u0105 mas\u0119 w tempie oko\u0142o 3-8% na dekad\u0119. Ta niezauwa\u017calna pocz\u0105tkowo utrata mo\u017ce prowadzi\u0107 do sarkopeniji.\" \/>\n<meta property=\"og:url\" content=\"https:\/\/agetech.pl\/index.php\/2025\/07\/18\/nowy-zegar-biologiczny-do-przewidywania-utraty-masy-miesniowej\/\" \/>\n<meta property=\"og:site_name\" content=\"AgeTech Polska\" \/>\n<meta property=\"article:published_time\" content=\"2025-07-18T19:46:21+00:00\" \/>\n<meta property=\"article:modified_time\" content=\"2025-07-18T19:46:24+00:00\" \/>\n<meta property=\"og:image\" content=\"https:\/\/agetech.pl\/wp-content\/uploads\/2025\/07\/Nowy-zegar-biologiczny-do-przewidywania-utraty-masy-miesniowej-scaled.jpg\" \/>\n\t<meta property=\"og:image:width\" content=\"2560\" \/>\n\t<meta property=\"og:image:height\" content=\"1736\" \/>\n\t<meta property=\"og:image:type\" content=\"image\/jpeg\" \/>\n<meta name=\"author\" content=\"Jerzy Walczak\" \/>\n<meta name=\"twitter:card\" content=\"summary_large_image\" \/>\n<meta name=\"twitter:label1\" content=\"Napisane przez\" \/>\n\t<meta name=\"twitter:data1\" content=\"Jerzy Walczak\" \/>\n\t<meta name=\"twitter:label2\" content=\"Szacowany czas czytania\" \/>\n\t<meta name=\"twitter:data2\" content=\"6 minut\" \/>\n<script type=\"application\/ld+json\" class=\"yoast-schema-graph\">{\"@context\":\"https:\/\/schema.org\",\"@graph\":[{\"@type\":\"Article\",\"@id\":\"https:\/\/agetech.pl\/index.php\/2025\/07\/18\/nowy-zegar-biologiczny-do-przewidywania-utraty-masy-miesniowej\/#article\",\"isPartOf\":{\"@id\":\"https:\/\/agetech.pl\/index.php\/2025\/07\/18\/nowy-zegar-biologiczny-do-przewidywania-utraty-masy-miesniowej\/\"},\"author\":{\"name\":\"Jerzy Walczak\",\"@id\":\"https:\/\/agetech.pl\/#\/schema\/person\/3ecdc945de88abfd1f3b0d000f804b32\"},\"headline\":\"Nowy zegar biologiczny do przewidywania utraty masy mi\u0119\u015bniowej\",\"datePublished\":\"2025-07-18T19:46:21+00:00\",\"dateModified\":\"2025-07-18T19:46:24+00:00\",\"mainEntityOfPage\":{\"@id\":\"https:\/\/agetech.pl\/index.php\/2025\/07\/18\/nowy-zegar-biologiczny-do-przewidywania-utraty-masy-miesniowej\/\"},\"wordCount\":1210,\"publisher\":{\"@id\":\"https:\/\/agetech.pl\/#organization\"},\"image\":{\"@id\":\"https:\/\/agetech.pl\/index.php\/2025\/07\/18\/nowy-zegar-biologiczny-do-przewidywania-utraty-masy-miesniowej\/#primaryimage\"},\"thumbnailUrl\":\"https:\/\/agetech.pl\/wp-content\/uploads\/2025\/07\/Nowy-zegar-biologiczny-do-przewidywania-utraty-masy-miesniowej-scaled.jpg\",\"keywords\":[\"Opieka\",\"Zdrowie\"],\"articleSection\":[\"Opieka\",\"Zdrowie\"],\"inLanguage\":\"pl-PL\"},{\"@type\":\"WebPage\",\"@id\":\"https:\/\/agetech.pl\/index.php\/2025\/07\/18\/nowy-zegar-biologiczny-do-przewidywania-utraty-masy-miesniowej\/\",\"url\":\"https:\/\/agetech.pl\/index.php\/2025\/07\/18\/nowy-zegar-biologiczny-do-przewidywania-utraty-masy-miesniowej\/\",\"name\":\"Nowy zegar biologiczny do przewidywania utraty masy mi\u0119\u015bniowej - AgeTech Polska\",\"isPartOf\":{\"@id\":\"https:\/\/agetech.pl\/#website\"},\"primaryImageOfPage\":{\"@id\":\"https:\/\/agetech.pl\/index.php\/2025\/07\/18\/nowy-zegar-biologiczny-do-przewidywania-utraty-masy-miesniowej\/#primaryimage\"},\"image\":{\"@id\":\"https:\/\/agetech.pl\/index.php\/2025\/07\/18\/nowy-zegar-biologiczny-do-przewidywania-utraty-masy-miesniowej\/#primaryimage\"},\"thumbnailUrl\":\"https:\/\/agetech.pl\/wp-content\/uploads\/2025\/07\/Nowy-zegar-biologiczny-do-przewidywania-utraty-masy-miesniowej-scaled.jpg\",\"datePublished\":\"2025-07-18T19:46:21+00:00\",\"dateModified\":\"2025-07-18T19:46:24+00:00\",\"breadcrumb\":{\"@id\":\"https:\/\/agetech.pl\/index.php\/2025\/07\/18\/nowy-zegar-biologiczny-do-przewidywania-utraty-masy-miesniowej\/#breadcrumb\"},\"inLanguage\":\"pl-PL\",\"potentialAction\":[{\"@type\":\"ReadAction\",\"target\":[\"https:\/\/agetech.pl\/index.php\/2025\/07\/18\/nowy-zegar-biologiczny-do-przewidywania-utraty-masy-miesniowej\/\"]}]},{\"@type\":\"ImageObject\",\"inLanguage\":\"pl-PL\",\"@id\":\"https:\/\/agetech.pl\/index.php\/2025\/07\/18\/nowy-zegar-biologiczny-do-przewidywania-utraty-masy-miesniowej\/#primaryimage\",\"url\":\"https:\/\/agetech.pl\/wp-content\/uploads\/2025\/07\/Nowy-zegar-biologiczny-do-przewidywania-utraty-masy-miesniowej-scaled.jpg\",\"contentUrl\":\"https:\/\/agetech.pl\/wp-content\/uploads\/2025\/07\/Nowy-zegar-biologiczny-do-przewidywania-utraty-masy-miesniowej-scaled.jpg\",\"width\":2560,\"height\":1736,\"caption\":\"Photo by National Cancer Institute on Unsplash\"},{\"@type\":\"BreadcrumbList\",\"@id\":\"https:\/\/agetech.pl\/index.php\/2025\/07\/18\/nowy-zegar-biologiczny-do-przewidywania-utraty-masy-miesniowej\/#breadcrumb\",\"itemListElement\":[{\"@type\":\"ListItem\",\"position\":1,\"name\":\"Strona g\u0142\u00f3wna\",\"item\":\"https:\/\/agetech.pl\/\"},{\"@type\":\"ListItem\",\"position\":2,\"name\":\"Nowy zegar biologiczny do przewidywania utraty masy mi\u0119\u015bniowej\"}]},{\"@type\":\"WebSite\",\"@id\":\"https:\/\/agetech.pl\/#website\",\"url\":\"https:\/\/agetech.pl\/\",\"name\":\"AgeTech Polska\",\"description\":\"AgeTech Polska to pierwszy w Polsce portal po\u015bwi\u0119cony technologiom i innowacjom dla starzej\u0105cego si\u0119 spo\u0142ecze\u0144stwa.\",\"publisher\":{\"@id\":\"https:\/\/agetech.pl\/#organization\"},\"alternateName\":\"AgeTech Poland\",\"potentialAction\":[{\"@type\":\"SearchAction\",\"target\":{\"@type\":\"EntryPoint\",\"urlTemplate\":\"https:\/\/agetech.pl\/?s={search_term_string}\"},\"query-input\":{\"@type\":\"PropertyValueSpecification\",\"valueRequired\":true,\"valueName\":\"search_term_string\"}}],\"inLanguage\":\"pl-PL\"},{\"@type\":\"Organization\",\"@id\":\"https:\/\/agetech.pl\/#organization\",\"name\":\"AgeTech Polska\",\"url\":\"https:\/\/agetech.pl\/\",\"logo\":{\"@type\":\"ImageObject\",\"inLanguage\":\"pl-PL\",\"@id\":\"https:\/\/agetech.pl\/#\/schema\/logo\/image\/\",\"url\":\"https:\/\/agetech.pl\/wp-content\/uploads\/2025\/05\/ksenia-emelianchik-i-CJpO_SzzU-unsplash-scaled.jpg\",\"contentUrl\":\"https:\/\/agetech.pl\/wp-content\/uploads\/2025\/05\/ksenia-emelianchik-i-CJpO_SzzU-unsplash-scaled.jpg\",\"width\":1707,\"height\":2560,\"caption\":\"AgeTech Polska\"},\"image\":{\"@id\":\"https:\/\/agetech.pl\/#\/schema\/logo\/image\/\"},\"sameAs\":[\"https:\/\/www.linkedin.com\/company\/agetech-polska\/\"]},{\"@type\":\"Person\",\"@id\":\"https:\/\/agetech.pl\/#\/schema\/person\/3ecdc945de88abfd1f3b0d000f804b32\",\"name\":\"Jerzy Walczak\",\"image\":{\"@type\":\"ImageObject\",\"inLanguage\":\"pl-PL\",\"@id\":\"https:\/\/agetech.pl\/#\/schema\/person\/image\/\",\"url\":\"https:\/\/secure.gravatar.com\/avatar\/5bd437b1851527d53dde2b95fdfc8e53e740b0b743e02c25d4299ac827932234?s=96&d=mm&r=g\",\"contentUrl\":\"https:\/\/secure.gravatar.com\/avatar\/5bd437b1851527d53dde2b95fdfc8e53e740b0b743e02c25d4299ac827932234?s=96&d=mm&r=g\",\"caption\":\"Jerzy Walczak\"},\"url\":\"https:\/\/agetech.pl\/index.php\/author\/redaktor-jw\/\"}]}<\/script>\n<!-- \/ Yoast SEO plugin. -->","yoast_head_json":{"title":"Nowy zegar biologiczny do przewidywania utraty masy mi\u0119\u015bniowej - AgeTech Polska","robots":{"index":"index","follow":"follow","max-snippet":"max-snippet:-1","max-image-preview":"max-image-preview:large","max-video-preview":"max-video-preview:-1"},"canonical":"https:\/\/agetech.pl\/index.php\/2025\/07\/18\/nowy-zegar-biologiczny-do-przewidywania-utraty-masy-miesniowej\/","og_locale":"pl_PL","og_type":"article","og_title":"Nowy zegar biologiczny do przewidywania utraty masy mi\u0119\u015bniowej - AgeTech Polska","og_description":"Najwa\u017cniejsze procesy starzenia zachodz\u0105 w naszych mi\u0119\u015bniach, kt\u00f3re po 30. roku \u017cycia zaczynaj\u0105 traci\u0107 swoj\u0105 mas\u0119 w tempie oko\u0142o 3-8% na dekad\u0119. Ta niezauwa\u017calna pocz\u0105tkowo utrata mo\u017ce prowadzi\u0107 do sarkopeniji.","og_url":"https:\/\/agetech.pl\/index.php\/2025\/07\/18\/nowy-zegar-biologiczny-do-przewidywania-utraty-masy-miesniowej\/","og_site_name":"AgeTech Polska","article_published_time":"2025-07-18T19:46:21+00:00","article_modified_time":"2025-07-18T19:46:24+00:00","og_image":[{"width":2560,"height":1736,"url":"https:\/\/agetech.pl\/wp-content\/uploads\/2025\/07\/Nowy-zegar-biologiczny-do-przewidywania-utraty-masy-miesniowej-scaled.jpg","type":"image\/jpeg"}],"author":"Jerzy Walczak","twitter_card":"summary_large_image","twitter_misc":{"Napisane przez":"Jerzy Walczak","Szacowany czas czytania":"6 minut"},"schema":{"@context":"https:\/\/schema.org","@graph":[{"@type":"Article","@id":"https:\/\/agetech.pl\/index.php\/2025\/07\/18\/nowy-zegar-biologiczny-do-przewidywania-utraty-masy-miesniowej\/#article","isPartOf":{"@id":"https:\/\/agetech.pl\/index.php\/2025\/07\/18\/nowy-zegar-biologiczny-do-przewidywania-utraty-masy-miesniowej\/"},"author":{"name":"Jerzy Walczak","@id":"https:\/\/agetech.pl\/#\/schema\/person\/3ecdc945de88abfd1f3b0d000f804b32"},"headline":"Nowy zegar biologiczny do przewidywania utraty masy mi\u0119\u015bniowej","datePublished":"2025-07-18T19:46:21+00:00","dateModified":"2025-07-18T19:46:24+00:00","mainEntityOfPage":{"@id":"https:\/\/agetech.pl\/index.php\/2025\/07\/18\/nowy-zegar-biologiczny-do-przewidywania-utraty-masy-miesniowej\/"},"wordCount":1210,"publisher":{"@id":"https:\/\/agetech.pl\/#organization"},"image":{"@id":"https:\/\/agetech.pl\/index.php\/2025\/07\/18\/nowy-zegar-biologiczny-do-przewidywania-utraty-masy-miesniowej\/#primaryimage"},"thumbnailUrl":"https:\/\/agetech.pl\/wp-content\/uploads\/2025\/07\/Nowy-zegar-biologiczny-do-przewidywania-utraty-masy-miesniowej-scaled.jpg","keywords":["Opieka","Zdrowie"],"articleSection":["Opieka","Zdrowie"],"inLanguage":"pl-PL"},{"@type":"WebPage","@id":"https:\/\/agetech.pl\/index.php\/2025\/07\/18\/nowy-zegar-biologiczny-do-przewidywania-utraty-masy-miesniowej\/","url":"https:\/\/agetech.pl\/index.php\/2025\/07\/18\/nowy-zegar-biologiczny-do-przewidywania-utraty-masy-miesniowej\/","name":"Nowy zegar biologiczny do przewidywania utraty masy mi\u0119\u015bniowej - AgeTech Polska","isPartOf":{"@id":"https:\/\/agetech.pl\/#website"},"primaryImageOfPage":{"@id":"https:\/\/agetech.pl\/index.php\/2025\/07\/18\/nowy-zegar-biologiczny-do-przewidywania-utraty-masy-miesniowej\/#primaryimage"},"image":{"@id":"https:\/\/agetech.pl\/index.php\/2025\/07\/18\/nowy-zegar-biologiczny-do-przewidywania-utraty-masy-miesniowej\/#primaryimage"},"thumbnailUrl":"https:\/\/agetech.pl\/wp-content\/uploads\/2025\/07\/Nowy-zegar-biologiczny-do-przewidywania-utraty-masy-miesniowej-scaled.jpg","datePublished":"2025-07-18T19:46:21+00:00","dateModified":"2025-07-18T19:46:24+00:00","breadcrumb":{"@id":"https:\/\/agetech.pl\/index.php\/2025\/07\/18\/nowy-zegar-biologiczny-do-przewidywania-utraty-masy-miesniowej\/#breadcrumb"},"inLanguage":"pl-PL","potentialAction":[{"@type":"ReadAction","target":["https:\/\/agetech.pl\/index.php\/2025\/07\/18\/nowy-zegar-biologiczny-do-przewidywania-utraty-masy-miesniowej\/"]}]},{"@type":"ImageObject","inLanguage":"pl-PL","@id":"https:\/\/agetech.pl\/index.php\/2025\/07\/18\/nowy-zegar-biologiczny-do-przewidywania-utraty-masy-miesniowej\/#primaryimage","url":"https:\/\/agetech.pl\/wp-content\/uploads\/2025\/07\/Nowy-zegar-biologiczny-do-przewidywania-utraty-masy-miesniowej-scaled.jpg","contentUrl":"https:\/\/agetech.pl\/wp-content\/uploads\/2025\/07\/Nowy-zegar-biologiczny-do-przewidywania-utraty-masy-miesniowej-scaled.jpg","width":2560,"height":1736,"caption":"Photo by National Cancer Institute on Unsplash"},{"@type":"BreadcrumbList","@id":"https:\/\/agetech.pl\/index.php\/2025\/07\/18\/nowy-zegar-biologiczny-do-przewidywania-utraty-masy-miesniowej\/#breadcrumb","itemListElement":[{"@type":"ListItem","position":1,"name":"Strona g\u0142\u00f3wna","item":"https:\/\/agetech.pl\/"},{"@type":"ListItem","position":2,"name":"Nowy zegar biologiczny do przewidywania utraty masy mi\u0119\u015bniowej"}]},{"@type":"WebSite","@id":"https:\/\/agetech.pl\/#website","url":"https:\/\/agetech.pl\/","name":"AgeTech Polska","description":"AgeTech Polska to pierwszy w Polsce portal po\u015bwi\u0119cony technologiom i innowacjom dla starzej\u0105cego si\u0119 spo\u0142ecze\u0144stwa.","publisher":{"@id":"https:\/\/agetech.pl\/#organization"},"alternateName":"AgeTech Poland","potentialAction":[{"@type":"SearchAction","target":{"@type":"EntryPoint","urlTemplate":"https:\/\/agetech.pl\/?s={search_term_string}"},"query-input":{"@type":"PropertyValueSpecification","valueRequired":true,"valueName":"search_term_string"}}],"inLanguage":"pl-PL"},{"@type":"Organization","@id":"https:\/\/agetech.pl\/#organization","name":"AgeTech Polska","url":"https:\/\/agetech.pl\/","logo":{"@type":"ImageObject","inLanguage":"pl-PL","@id":"https:\/\/agetech.pl\/#\/schema\/logo\/image\/","url":"https:\/\/agetech.pl\/wp-content\/uploads\/2025\/05\/ksenia-emelianchik-i-CJpO_SzzU-unsplash-scaled.jpg","contentUrl":"https:\/\/agetech.pl\/wp-content\/uploads\/2025\/05\/ksenia-emelianchik-i-CJpO_SzzU-unsplash-scaled.jpg","width":1707,"height":2560,"caption":"AgeTech Polska"},"image":{"@id":"https:\/\/agetech.pl\/#\/schema\/logo\/image\/"},"sameAs":["https:\/\/www.linkedin.com\/company\/agetech-polska\/"]},{"@type":"Person","@id":"https:\/\/agetech.pl\/#\/schema\/person\/3ecdc945de88abfd1f3b0d000f804b32","name":"Jerzy Walczak","image":{"@type":"ImageObject","inLanguage":"pl-PL","@id":"https:\/\/agetech.pl\/#\/schema\/person\/image\/","url":"https:\/\/secure.gravatar.com\/avatar\/5bd437b1851527d53dde2b95fdfc8e53e740b0b743e02c25d4299ac827932234?s=96&d=mm&r=g","contentUrl":"https:\/\/secure.gravatar.com\/avatar\/5bd437b1851527d53dde2b95fdfc8e53e740b0b743e02c25d4299ac827932234?s=96&d=mm&r=g","caption":"Jerzy Walczak"},"url":"https:\/\/agetech.pl\/index.php\/author\/redaktor-jw\/"}]}},"jetpack_featured_media_url":"https:\/\/agetech.pl\/wp-content\/uploads\/2025\/07\/Nowy-zegar-biologiczny-do-przewidywania-utraty-masy-miesniowej-scaled.jpg","jetpack_sharing_enabled":true,"_links":{"self":[{"href":"https:\/\/agetech.pl\/index.php\/wp-json\/wp\/v2\/posts\/5033","targetHints":{"allow":["GET"]}}],"collection":[{"href":"https:\/\/agetech.pl\/index.php\/wp-json\/wp\/v2\/posts"}],"about":[{"href":"https:\/\/agetech.pl\/index.php\/wp-json\/wp\/v2\/types\/post"}],"author":[{"embeddable":true,"href":"https:\/\/agetech.pl\/index.php\/wp-json\/wp\/v2\/users\/5"}],"replies":[{"embeddable":true,"href":"https:\/\/agetech.pl\/index.php\/wp-json\/wp\/v2\/comments?post=5033"}],"version-history":[{"count":1,"href":"https:\/\/agetech.pl\/index.php\/wp-json\/wp\/v2\/posts\/5033\/revisions"}],"predecessor-version":[{"id":5035,"href":"https:\/\/agetech.pl\/index.php\/wp-json\/wp\/v2\/posts\/5033\/revisions\/5035"}],"wp:featuredmedia":[{"embeddable":true,"href":"https:\/\/agetech.pl\/index.php\/wp-json\/wp\/v2\/media\/5034"}],"wp:attachment":[{"href":"https:\/\/agetech.pl\/index.php\/wp-json\/wp\/v2\/media?parent=5033"}],"wp:term":[{"taxonomy":"category","embeddable":true,"href":"https:\/\/agetech.pl\/index.php\/wp-json\/wp\/v2\/categories?post=5033"},{"taxonomy":"post_tag","embeddable":true,"href":"https:\/\/agetech.pl\/index.php\/wp-json\/wp\/v2\/tags?post=5033"}],"curies":[{"name":"wp","href":"https:\/\/api.w.org\/{rel}","templated":true}]}}