{"id":5166,"date":"2025-09-10T21:24:57","date_gmt":"2025-09-10T19:24:57","guid":{"rendered":"https:\/\/agetech.pl\/?p=5166"},"modified":"2025-09-10T21:25:00","modified_gmt":"2025-09-10T19:25:00","slug":"wczesne-wykrywanie-demencji-przelomowe-trendy-2025-roku","status":"publish","type":"post","link":"https:\/\/agetech.pl\/index.php\/2025\/09\/10\/wczesne-wykrywanie-demencji-przelomowe-trendy-2025-roku\/","title":{"rendered":"Wczesne wykrywanie demencji: prze\u0142omowe trendy 2025 roku"},"content":{"rendered":"\n<p>Wyobra\u017amy sobie \u015bwiat, w kt\u00f3rym demencj\u0119 mo\u017cna wykry\u0107 dekad\u0119 przed pojawieniem si\u0119 pierwszych objaw\u00f3w. \u015awiat, gdzie 3-minutowy test fal m\u00f3zgowych zast\u0119puje wielomiesi\u0119czn\u0105 diagnostyk\u0119, a sztuczna inteligencja rozpoznaje 9 typ\u00f3w demencji z jednego skanu m\u00f3zgu z 88% skuteczno\u015bci\u0105. To nie science fiction \u2013 to rzeczywisto\u015b\u0107 wrze\u015bnia 2025 roku, kt\u00f3ra fundamentalnie zmienia krajobraz Silver Economy i sektora AgeTech.<\/p>\n\n\n\n<p>Mo\u017cna zaobserwowa\u0107 bezprecedensow\u0105 konwergencj\u0119 trzech megatrend\u00f3w: eksplozj\u0119 innowacji diagnostycznych opartych na AI, odkrycie zaskakuj\u0105cych \u015brodowiskowych czynnik\u00f3w ryzyka demencji oraz gwa\u0142towny wzrost rynku rozwi\u0105za\u0144 AgeTech, kt\u00f3ry osi\u0105gn\u0105\u0142 ju\u017c warto\u015b\u0107 2,75 biliona dolar\u00f3w. Te trendy nie tylko redefiniuj\u0105 spos\u00f3b, w jaki my\u015blimy o zdrowiu poznawczym, ale tak\u017ce otwieraj\u0105 nowe mo\u017cliwo\u015bci biznesowe dla przedsi\u0119biorc\u00f3w i inwestor\u00f3w w sektorze healthtech.<\/p>\n\n\n\n<h2 class=\"wp-block-heading\">Prze\u0142omowe odkrycie: zanieczyszczenie powietrza bezpo\u015brednio wywo\u0142uje demencj\u0119 z cia\u0142ami Lewy&#8217;ego<\/h2>\n\n\n\n<p>Najwi\u0119ksze odkrycie naukowe 2025 roku w dziedzinie neurodegeneracji pochodzi z bada\u0144 opublikowanych we wrze\u015bniu w presti\u017cowym czasopi\u015bmie <em>Science<\/em>. Zespo\u0142y z Johns Hopkins Medicine i Columbia University po raz pierwszy wykaza\u0142y bezpo\u015bredni molekularny mechanizm \u0142\u0105cz\u0105cy ekspozycj\u0119 na drobne cz\u0105stki py\u0142u PM2.5 z rozwojem demencji z cia\u0142ami Lewy&#8217;ego (LBD) \u2013 drugiej najcz\u0119stszej formy demencji po chorobie Alzheimera.<\/p>\n\n\n\n<p>Badanie obejmuj\u0105ce analiz\u0119 danych 56,5 miliona ameryka\u0144skich pacjent\u00f3w wykaza\u0142o, \u017ce ka\u017cdy wzrost st\u0119\u017cenia PM2.5 w zakresie kwartylowym zwi\u0119ksza ryzyko demencji Parkinsona o 17% i demencji z cia\u0142ami Lewy&#8217;ego o 12%. Co wi\u0119cej, naukowcy zidentyfikowali nowy szczep patologicznych bia\u0142ek \u2013 PM-PFF (PM2.5-induced preformed fibrils) \u2013 kt\u00f3ry wykazuje zwi\u0119kszon\u0105 odporno\u015b\u0107 na enzymy rozk\u0142adaj\u0105ce bia\u0142ka i podwy\u017cszon\u0105 neurotoksyczno\u015b\u0107.<\/p>\n\n\n\n<p>Te odkrycia maj\u0105 fundamentalne implikacje dla polityki zdrowia publicznego i rozwoju technologii AgeTech. Jest to ogromny potencja\u0142 rynkowy dla inteligentnych system\u00f3w monitorowania jako\u015bci powietrza w domach senior\u00f3w, oczyszczaczy powietrza z certyfikacj\u0105 medyczn\u0105 oraz aplikacji ostrzegaj\u0105cych o poziomach zanieczyszcze\u0144. Startupy mog\u0105 wykorzysta\u0107 te dane do tworzenia spersonalizowanych map ryzyka \u015brodowiskowego dla os\u00f3b starszych.<\/p>\n\n\n\n<h2 class=\"wp-block-heading\">Nieoczekiwany biomarker: pozytywny bias emocjonalny jako wczesny sygna\u0142 ostrzegawczy<\/h2>\n\n\n\n<p>Fascynuj\u0105ce badanie opublikowane w <em>Journal of Neuroscience<\/em> w sierpniu 2025 roku odkry\u0142o subtelny, ale pot\u0119\u017cny wczesny marker spadku poznawczego. Okazuje si\u0119, \u017ce tendencja starszych doros\u0142ych do interpretowania neutralnych lub nawet negatywnych wyraz\u00f3w twarzy jako pozytywnych mo\u017ce sygnalizowa\u0107 pocz\u0105tek proces\u00f3w neurodegeneracyjnych \u2013 i to na d\u0142ugo przed pojawieniem si\u0119 klasycznych objaw\u00f3w demencji.<\/p>\n\n\n\n<p>Badanie przeprowadzone na 665 doros\u0142ych w wieku 18-89 lat wykaza\u0142o, \u017ce ten &#8222;pozytywny bias&#8221; silnie koreluje ze s\u0142abszymi wynikami w testach poznawczych, ale \u2013 co kluczowe \u2013 nie wi\u0105\u017ce si\u0119 z objawami depresji. To rozr\u00f3\u017cnienie jest prze\u0142omowe, poniewa\u017c pozwala odr\u00f3\u017cni\u0107 wczesny spadek poznawczy od zmian nastroju typowych dla starzenia si\u0119.<\/p>\n\n\n\n<p>Z perspektywy biznesowej, to odkrycie otwiera drog\u0119 do rozwoju prostych, nieinwazyjnych narz\u0119dzi screeningowych. Wyobra\u017cam sobie aplikacje mobilne wykorzystuj\u0105ce kamery smartfon\u00f3w do analizy reakcji na bod\u017ace emocjonalne, czy integracj\u0119 takich test\u00f3w z popularnymi platformami telemedycznymi. Koszt implementacji jest minimalny, a potencja\u0142 rynkowy \u2013 ogromny.<\/p>\n\n\n\n<h2 class=\"wp-block-heading\">Wczesne wykrywanie demencji: StateViewer Mayo Clinic ustanawia nowy standard diagnostyczny<\/h2>\n\n\n\n<p>Mayo Clinic w 2025 roku wprowadzi\u0142o system StateViewer \u2013 narz\u0119dzie AI, kt\u00f3re zmienia paradygmat diagnostyki demencji. System osi\u0105ga imponuj\u0105c\u0105 88% skuteczno\u015b\u0107 w identyfikacji 9 r\u00f3\u017cnych typ\u00f3w demencji z pojedynczego skanu FDG-PET, zapewniaj\u0105c dwukrotnie szybsz\u0105 diagnoz\u0119 i trzykrotnie wi\u0119ksz\u0105 dok\u0142adno\u015b\u0107 ni\u017c tradycyjne metody.<\/p>\n\n\n\n<p>Co szczeg\u00f3lnie istotne z perspektywy komercjalizacji, StateViewer wykorzystuje technologi\u0119 Explainable AI (XAI) \u2013 algorytmy SHAP i Grad-CAM pozwalaj\u0105 lekarzom zrozumie\u0107, dlaczego system podj\u0105\u0142 konkretn\u0105 decyzj\u0119 diagnostyczn\u0105. To rozwi\u0105zuje kluczowy problem &#8222;czarnej skrzynki&#8221; AI, kt\u00f3ry hamowa\u0142 adopcj\u0119 technologii w medycynie.<\/p>\n\n\n\n<p>Model biznesowy oparty na licencjonowaniu technologii dla szpitali i klinik, z op\u0142atami subskrypcyjnymi w modelu SaaS. Przy \u015brednim koszcie $2,500-4,000 za tradycyjn\u0105 diagnostyk\u0119 demencji, system AI oferuj\u0105cy szybsz\u0105 i dok\u0142adniejsz\u0105 diagnoz\u0119 za u\u0142amek tej ceny ma potencja\u0142 do szybkiego zwrotu z inwestycji.<\/p>\n\n\n\n<h2 class=\"wp-block-heading\">Innowacyjne testy przesiewowe: od 3-minutowego EEG po analiz\u0119 oczu<\/h2>\n\n\n\n<p>Rok 2025 przyni\u00f3s\u0142 eksplozj\u0119 innowacyjnych test\u00f3w diagnostycznych, kt\u00f3re demokratyzuj\u0105 dost\u0119p do wczesnego wykrywania demencji:<\/p>\n\n\n\n<p><strong>Fastball EEG<\/strong> \u2013 opracowany na University of Bristol \u2013 to 3-minutowy test pasywny wykorzystuj\u0105cy szybk\u0105 stymulacj\u0119 wizualn\u0105. Pacjent po prostu patrzy na ekran, podczas gdy system analizuje fale m\u00f3zgowe w odpowiedzi na powtarzaj\u0105ce si\u0119 obrazy. Test osi\u0105ga wysok\u0105 specyficzno\u015b\u0107 dla \u0142agodnych zaburze\u0144 poznawczych i mo\u017ce by\u0107 wykonywany nawet w warunkach domowych.<\/p>\n\n\n\n<p><strong>Testy oczne<\/strong> wykorzystuj\u0105ce optyczn\u0105 koherentn\u0105 tomografi\u0119 angiograficzn\u0105 (OCTA) z analiz\u0105 AI osi\u0105gaj\u0105 AUC = 0.93 dla wczesnej choroby Alzheimera. To rewolucja \u2013 rutynowe badanie okulistyczne mo\u017ce teraz s\u0142u\u017cy\u0107 jako screening neurologiczny.<\/p>\n\n\n\n<p><strong>Cyfrowe testy poznawcze<\/strong> jak CognICA (z clearance FDA) czy PENSIEVE-AI oferuj\u0105 szybk\u0105 ocen\u0119 w 91 sekund z dok\u0142adno\u015bci\u0105 AUC = 0.87. Te narz\u0119dzia s\u0105 idealne do integracji z platformami telehealth i aplikacjami wellness.<\/p>\n\n\n\n<p>Z perspektywy inwestycyjnej, ka\u017cda z tych technologii reprezentuje potencjalny &#8222;unicorn&#8221; w sektorze healthtech. Kluczem jest model dystrybucji \u2013 partnerstwa z sieciami aptek, integracja z systemami EHR, czy bezpo\u015bredni model D2C przez platformy telemedyczne.<\/p>\n\n\n\n<h2 class=\"wp-block-heading\">Bariery adopcji i strategie ich przezwyci\u0119\u017cania<\/h2>\n\n\n\n<p>Pomimo rewolucyjnych post\u0119p\u00f3w technologicznych, badanie AARP z 2025 roku ujawnia, \u017ce 59% senior\u00f3w nadal uwa\u017ca, \u017ce technologia nie jest projektowana z my\u015bl\u0105 o ich potrzebach. Najwi\u0119ksze bariery to:<\/p>\n\n\n\n<ol class=\"wp-block-list\">\n<li><strong>Obawy o prywatno\u015b\u0107 danych (33%)<\/strong> \u2013 Rozwi\u0105zanie: transparentne polityki prywatno\u015bci, lokalne przetwarzanie danych, certyfikacje bezpiecze\u0144stwa<\/li>\n\n\n\n<li><strong>Trudno\u015b\u0107 obs\u0142ugi (20%)<\/strong> \u2013 Rozwi\u0105zanie: intuicyjne interfejsy, onboarding wspomagany AI, wsparcie rodziny<\/li>\n\n\n\n<li><strong>Brak wsparcia technicznego (19%)<\/strong> \u2013 Rozwi\u0105zanie: dedykowane linie pomocy, lokalne warsztaty, partnerstwa z bibliotekami<\/li>\n<\/ol>\n\n\n\n<p>Sukces w tym sektorze wymaga nie tylko doskona\u0142ej technologii, ale tak\u017ce g\u0142\u0119bokiego zrozumienia psychologii i potrzeb starszych u\u017cytkownik\u00f3w. Najlepsze startupy AgeTech inwestuj\u0105 r\u00f3wnie du\u017co w UX\/UI co w rozw\u00f3j algorytm\u00f3w.<\/p>\n\n\n\n<h2 class=\"wp-block-heading\">Eksplozja rynku: Silver Economy przekracza granice wyobra\u017ani<\/h2>\n\n\n\n<p>Liczby m\u00f3wi\u0105 same za siebie. Rynek Silver Economy osi\u0105gn\u0105\u0142 warto\u015b\u0107 2,75 biliona dolar\u00f3w w 2024 roku z projekcj\u0105 wzrostu do 5,45 biliona do 2033 roku (CAGR 7,89%). Segment kognitywnego AgeTech ro\u015bnie jeszcze szybciej \u2013 z 5,2 miliarda w 2023 do projekowanych 26,1 miliarda w 2030 roku przy imponuj\u0105cym CAGR 27,02%.<\/p>\n\n\n\n<p><strong>Analiza regionalna pokazuje zr\u00f3\u017cnicowane mo\u017cliwo\u015bci:<\/strong><\/p>\n\n\n\n<ul class=\"wp-block-list\">\n<li>Ameryka P\u00f3\u0142nocna dominuje z 37,7-42,8% udzia\u0142u w rynku<\/li>\n\n\n\n<li>Europa, z Niemcami na czele, oferuje stabilny, regulowany rynek<\/li>\n\n\n\n<li>Azja-Pacyfik eksploduje wzrostem 18,47% CAGR, z projekcj\u0105 3,5 biliona dolar\u00f3w do 2033<\/li>\n<\/ul>\n\n\n\n<p>Dla przedsi\u0119biorc\u00f3w i inwestor\u00f3w oznacza to bezprecedensowe mo\u017cliwo\u015bci. Widz\u0119 szczeg\u00f3lny potencja\u0142 w:<\/p>\n\n\n\n<ul class=\"wp-block-list\">\n<li>Platformach B2B2C \u0142\u0105cz\u0105cych dostawc\u00f3w opieki zdrowotnej z pacjentami<\/li>\n\n\n\n<li>Rozwi\u0105zaniach home-based umo\u017cliwiaj\u0105cych &#8222;aging in place&#8221;<\/li>\n\n\n\n<li>Narz\u0119dziach prewencyjnych opartych na AI i analizie danych<\/li>\n\n\n\n<li>Ekosystemach integruj\u0105cych diagnostyk\u0119, terapi\u0119 i monitoring<\/li>\n<\/ul>\n\n\n\n<h2 class=\"wp-block-heading\">Modele biznesowe przysz\u0142o\u015bci: jak zarabia\u0107 na rewolucji w zdrowiu poznawczym<\/h2>\n\n\n\n<p>Analiza najnowszych case studies z 2025 roku ujawnia zwyci\u0119skie modele komercjalizacji:<\/p>\n\n\n\n<p><strong>NewDays<\/strong> z Seattle pozyska\u0142o 7 milion\u00f3w dolar\u00f3w na rozw\u00f3j &#8222;AI terapeuty&#8221; dla os\u00f3b z demencj\u0105. Model: 99 USD\/miesi\u0105c subskrypcja + 150 USD za wizyt\u0119 telehealth. Kluczowa innowacja: personalizacja oparta na analizie wzorc\u00f3w mowy i zachowania.<\/p>\n\n\n\n<p><strong>Isaac Health<\/strong> zebra\u0142 5,7 miliona w rundzie seed plus 10,5 miliona Series A na platform\u0119 wirtualnej opieki neurologicznej. Model B2B dla system\u00f3w zdrowia z gwarancj\u0105 ROI poprzez redukcj\u0119 rehospitalizacji.<\/p>\n\n\n\n<p><strong>ALZpath<\/strong> pozyska\u0142 8 milion\u00f3w na komercjalizacj\u0119 test\u00f3w krwi pTau217. Model: premium pricing dla wczesnej diagnostyki z partnerstwami ubezpieczeniowymi pokrywaj\u0105cymi koszty.<\/p>\n\n\n\n<p>Wsp\u00f3lnym mianownikiem sukcesu jest hybrydowy model przychod\u00f3w \u0142\u0105cz\u0105cy:<\/p>\n\n\n\n<ul class=\"wp-block-list\">\n<li>Subskrypcje konsumenckie (B2C)<\/li>\n\n\n\n<li>Kontrakty enterprise (B2B)<\/li>\n\n\n\n<li>Partnerstwa z p\u0142atnikami (ubezpieczyciele)<\/li>\n\n\n\n<li>Licencjonowanie technologii (pharma)<\/li>\n<\/ul>\n\n\n\n<h2 class=\"wp-block-heading\">Moment prze\u0142omowy dla Silver Economy<\/h2>\n\n\n\n<p>Stoimy u progu najwi\u0119kszej transformacji w historii opieki nad zdrowiem poznawczym. Konwergencja prze\u0142omowych odkry\u0107 naukowych, rewolucyjnych technologii diagnostycznych i eksploduj\u0105cego rynku Silver Economy tworzy perfect storm mo\u017cliwo\u015bci biznesowych i spo\u0142ecznych.<\/p>\n\n\n\n<p>Dla przedsi\u0119biorc\u00f3w AgeTech, kluczem do sukcesu b\u0119dzie nie tylko innowacyjna technologia, ale tak\u017ce g\u0142\u0119bokie zrozumienie specyficznych potrzeb starszych u\u017cytkownik\u00f3w, budowanie zaufania poprzez transparentno\u015b\u0107 i bezpiecze\u0144stwo danych, oraz tworzenie modeli biznesowych, kt\u00f3re s\u0105 zar\u00f3wno skalowalne, jak i spo\u0142ecznie odpowiedzialne.<\/p>\n\n\n\n<p>Jako spo\u0142ecze\u0144stwo, mamy szans\u0119 przekszta\u0142ci\u0107 demencj\u0119 z wyroku w wyzwanie, kt\u00f3re mo\u017cna przewidzie\u0107, spowolni\u0107, a mo\u017ce nawet zapobiec. Technologie opisane w tym artykule to nie odleg\u0142a przysz\u0142o\u015b\u0107 \u2013 to narz\u0119dzia dost\u0119pne ju\u017c dzi\u015b, czekaj\u0105ce na m\u0105dr\u0105 implementacj\u0119 i skalowanie.<\/p>\n\n\n\n<p>Wyzwanie dla bran\u017cy AgeTech jest jasne: jak przekszta\u0142ci\u0107 te prze\u0142omowe innowacje w dost\u0119pne, przyjazne u\u017cytkownikowi rozwi\u0105zania, kt\u00f3re rzeczywi\u015bcie poprawi\u0105 jako\u015b\u0107 \u017cycia milion\u00f3w senior\u00f3w na ca\u0142ym \u015bwiecie? Odpowied\u017a na to pytanie okre\u015bli zwyci\u0119zc\u00f3w w najbardziej obiecuj\u0105cym sektorze gospodarki nast\u0119pnej dekady.<\/p>\n\n\n\n<hr class=\"wp-block-separator has-alpha-channel-opacity\"\/>\n\n\n\n<h2 class=\"wp-block-heading\">\u0179r\u00f3d\u0142a:<\/h2>\n\n\n\n<ol class=\"wp-block-list\">\n<li><a href=\"https:\/\/www.jneurosci.org\/content\/early\/2025\/08\/15\/JNEUROSCI.0386-25.2025\">https:\/\/www.jneurosci.org\/content\/early\/2025\/08\/15\/JNEUROSCI.0386-25.2025<\/a><\/li>\n\n\n\n<li><a href=\"https:\/\/www.sciencealert.com\/an-early-signal-of-dementia-could-be-hidden-in-how-we-read-faces\">https:\/\/www.sciencealert.com\/an-early-signal-of-dementia-could-be-hidden-in-how-we-read-faces<\/a><\/li>\n\n\n\n<li><a href=\"https:\/\/newsnetwork.mayoclinic.org\/discussion\/mayo-clinics-ai-tool-identifies-9-dementia-types-including-alzheimers-with-one-scan\/\">https:\/\/newsnetwork.mayoclinic.org\/discussion\/mayo-clinics-ai-tool-identifies-9-dementia-types-including-alzheimers-with-one-scan\/<\/a><\/li>\n\n\n\n<li><a href=\"https:\/\/www.grandviewresearch.com\/industry-analysis\/cognitive-assessment-training-healthcare-market\">https:\/\/www.grandviewresearch.com\/industry-analysis\/cognitive-assessment-training-healthcare-market<\/a><\/li>\n\n\n\n<li><a href=\"https:\/\/www.technologynetworks.com\/diagnostics\/news\/ai-tool-identifies-dementia-types-with-88-accuracy-401680\">https:\/\/www.technologynetworks.com\/diagnostics\/news\/ai-tool-identifies-dementia-types-with-88-accuracy-401680<\/a><\/li>\n\n\n\n<li><a href=\"https:\/\/www.nature.com\/articles\/s41467-025-58201-x\">https:\/\/www.nature.com\/articles\/s41467-025-58201-x<\/a><\/li>\n\n\n\n<li><a href=\"https:\/\/pubmed.ncbi.nlm.nih.gov\/39867413\/\">https:\/\/pubmed.ncbi.nlm.nih.gov\/39867413\/<\/a><\/li>\n<\/ol>\n","protected":false},"excerpt":{"rendered":"Wyobra\u017amy sobie \u015bwiat, w kt\u00f3rym demencj\u0119 mo\u017cna wykry\u0107 dekad\u0119 przed pojawieniem si\u0119 pierwszych objaw\u00f3w. \u015awiat, gdzie 3-minutowy test fal m\u00f3zgowych zast\u0119puje wielomiesi\u0119czn\u0105 diagnostyk\u0119, a sztuczna inteligencja rozpoznaje 9 typ\u00f3w demencji z jednego skanu m\u00f3zgu z 88% skuteczno\u015bci\u0105.","protected":false},"author":5,"featured_media":5167,"comment_status":"closed","ping_status":"open","sticky":false,"template":"","format":"standard","meta":{"_price":"","_stock":"","_tribe_ticket_header":"","_tribe_default_ticket_provider":"","_ticket_start_date":"","_ticket_end_date":"","_tribe_ticket_show_description":"","_tribe_ticket_show_not_going":false,"_tribe_ticket_use_global_stock":"","_tribe_ticket_global_stock_level":"","_global_stock_mode":"","_global_stock_cap":"","_tribe_rsvp_for_event":"","_tribe_ticket_going_count":"","_tribe_ticket_not_going_count":"","_tribe_tickets_list":"[]","_tribe_ticket_has_attendee_info_fields":false,"csco_display_header_overlay":false,"csco_singular_sidebar":"","csco_page_header_type":"","csco_page_load_nextpost":"","csco_post_video_location":[],"csco_post_video_location_hash":"","csco_post_video_url":"","csco_post_video_bg_start_time":0,"csco_post_video_bg_end_time":0,"_jetpack_memberships_contains_paid_content":false,"footnotes":""},"categories":[1,54,4,3],"tags":[48,29,32,8,31],"class_list":["post-5166","post","type-post","status-publish","format-standard","has-post-thumbnail","category-innowacje-dla-seniorow","category-opieka-nad-seniorami","category-technologia","category-zdrowie-seniorow","tag-ai","tag-inwestycje","tag-opieka","tag-startup","tag-zdrowie","cs-entry","cs-video-wrap"],"yoast_head":"<!-- This site is optimized with the Yoast SEO plugin v27.1.1 - https:\/\/yoast.com\/product\/yoast-seo-wordpress\/ -->\n<title>Wczesne wykrywanie demencji: prze\u0142omowe trendy 2025 roku - AgeTech Polska<\/title>\n<meta name=\"robots\" content=\"index, follow, max-snippet:-1, max-image-preview:large, max-video-preview:-1\" \/>\n<link rel=\"canonical\" href=\"https:\/\/agetech.pl\/index.php\/2025\/09\/10\/wczesne-wykrywanie-demencji-przelomowe-trendy-2025-roku\/\" \/>\n<meta property=\"og:locale\" content=\"pl_PL\" \/>\n<meta property=\"og:type\" content=\"article\" \/>\n<meta property=\"og:title\" content=\"Wczesne wykrywanie demencji: prze\u0142omowe trendy 2025 roku - AgeTech Polska\" \/>\n<meta property=\"og:description\" content=\"Wyobra\u017amy sobie \u015bwiat, w kt\u00f3rym demencj\u0119 mo\u017cna wykry\u0107 dekad\u0119 przed pojawieniem si\u0119 pierwszych objaw\u00f3w. \u015awiat, gdzie 3-minutowy test fal m\u00f3zgowych zast\u0119puje wielomiesi\u0119czn\u0105 diagnostyk\u0119, a sztuczna inteligencja rozpoznaje 9 typ\u00f3w demencji z jednego skanu m\u00f3zgu z 88% skuteczno\u015bci\u0105.\" \/>\n<meta property=\"og:url\" content=\"https:\/\/agetech.pl\/index.php\/2025\/09\/10\/wczesne-wykrywanie-demencji-przelomowe-trendy-2025-roku\/\" \/>\n<meta property=\"og:site_name\" content=\"AgeTech Polska\" \/>\n<meta property=\"article:published_time\" content=\"2025-09-10T19:24:57+00:00\" \/>\n<meta property=\"article:modified_time\" content=\"2025-09-10T19:25:00+00:00\" \/>\n<meta property=\"og:image\" content=\"https:\/\/agetech.pl\/wp-content\/uploads\/2025\/09\/Wczesne-wykrywanie-demencji-scaled.jpg\" \/>\n\t<meta property=\"og:image:width\" content=\"2560\" \/>\n\t<meta property=\"og:image:height\" content=\"1707\" \/>\n\t<meta property=\"og:image:type\" content=\"image\/jpeg\" \/>\n<meta name=\"author\" content=\"Jerzy Walczak\" \/>\n<meta name=\"twitter:card\" content=\"summary_large_image\" \/>\n<meta name=\"twitter:label1\" content=\"Napisane przez\" \/>\n\t<meta name=\"twitter:data1\" content=\"Jerzy Walczak\" \/>\n\t<meta name=\"twitter:label2\" content=\"Szacowany czas czytania\" \/>\n\t<meta name=\"twitter:data2\" content=\"8 minut\" \/>\n<script type=\"application\/ld+json\" class=\"yoast-schema-graph\">{\"@context\":\"https:\/\/schema.org\",\"@graph\":[{\"@type\":\"Article\",\"@id\":\"https:\/\/agetech.pl\/index.php\/2025\/09\/10\/wczesne-wykrywanie-demencji-przelomowe-trendy-2025-roku\/#article\",\"isPartOf\":{\"@id\":\"https:\/\/agetech.pl\/index.php\/2025\/09\/10\/wczesne-wykrywanie-demencji-przelomowe-trendy-2025-roku\/\"},\"author\":{\"name\":\"Jerzy Walczak\",\"@id\":\"https:\/\/agetech.pl\/#\/schema\/person\/3ecdc945de88abfd1f3b0d000f804b32\"},\"headline\":\"Wczesne wykrywanie demencji: prze\u0142omowe trendy 2025 roku\",\"datePublished\":\"2025-09-10T19:24:57+00:00\",\"dateModified\":\"2025-09-10T19:25:00+00:00\",\"mainEntityOfPage\":{\"@id\":\"https:\/\/agetech.pl\/index.php\/2025\/09\/10\/wczesne-wykrywanie-demencji-przelomowe-trendy-2025-roku\/\"},\"wordCount\":1497,\"publisher\":{\"@id\":\"https:\/\/agetech.pl\/#organization\"},\"image\":{\"@id\":\"https:\/\/agetech.pl\/index.php\/2025\/09\/10\/wczesne-wykrywanie-demencji-przelomowe-trendy-2025-roku\/#primaryimage\"},\"thumbnailUrl\":\"https:\/\/agetech.pl\/wp-content\/uploads\/2025\/09\/Wczesne-wykrywanie-demencji-scaled.jpg\",\"keywords\":[\"AI\",\"Inwestycje\",\"Opieka\",\"Startup\",\"Zdrowie\"],\"articleSection\":[\"Innowacje\",\"Opieka\",\"Technologia\",\"Zdrowie\"],\"inLanguage\":\"pl-PL\"},{\"@type\":\"WebPage\",\"@id\":\"https:\/\/agetech.pl\/index.php\/2025\/09\/10\/wczesne-wykrywanie-demencji-przelomowe-trendy-2025-roku\/\",\"url\":\"https:\/\/agetech.pl\/index.php\/2025\/09\/10\/wczesne-wykrywanie-demencji-przelomowe-trendy-2025-roku\/\",\"name\":\"Wczesne wykrywanie demencji: prze\u0142omowe trendy 2025 roku - AgeTech Polska\",\"isPartOf\":{\"@id\":\"https:\/\/agetech.pl\/#website\"},\"primaryImageOfPage\":{\"@id\":\"https:\/\/agetech.pl\/index.php\/2025\/09\/10\/wczesne-wykrywanie-demencji-przelomowe-trendy-2025-roku\/#primaryimage\"},\"image\":{\"@id\":\"https:\/\/agetech.pl\/index.php\/2025\/09\/10\/wczesne-wykrywanie-demencji-przelomowe-trendy-2025-roku\/#primaryimage\"},\"thumbnailUrl\":\"https:\/\/agetech.pl\/wp-content\/uploads\/2025\/09\/Wczesne-wykrywanie-demencji-scaled.jpg\",\"datePublished\":\"2025-09-10T19:24:57+00:00\",\"dateModified\":\"2025-09-10T19:25:00+00:00\",\"breadcrumb\":{\"@id\":\"https:\/\/agetech.pl\/index.php\/2025\/09\/10\/wczesne-wykrywanie-demencji-przelomowe-trendy-2025-roku\/#breadcrumb\"},\"inLanguage\":\"pl-PL\",\"potentialAction\":[{\"@type\":\"ReadAction\",\"target\":[\"https:\/\/agetech.pl\/index.php\/2025\/09\/10\/wczesne-wykrywanie-demencji-przelomowe-trendy-2025-roku\/\"]}]},{\"@type\":\"ImageObject\",\"inLanguage\":\"pl-PL\",\"@id\":\"https:\/\/agetech.pl\/index.php\/2025\/09\/10\/wczesne-wykrywanie-demencji-przelomowe-trendy-2025-roku\/#primaryimage\",\"url\":\"https:\/\/agetech.pl\/wp-content\/uploads\/2025\/09\/Wczesne-wykrywanie-demencji-scaled.jpg\",\"contentUrl\":\"https:\/\/agetech.pl\/wp-content\/uploads\/2025\/09\/Wczesne-wykrywanie-demencji-scaled.jpg\",\"width\":2560,\"height\":1707,\"caption\":\"Photo by Steven HWG on Unsplash\"},{\"@type\":\"BreadcrumbList\",\"@id\":\"https:\/\/agetech.pl\/index.php\/2025\/09\/10\/wczesne-wykrywanie-demencji-przelomowe-trendy-2025-roku\/#breadcrumb\",\"itemListElement\":[{\"@type\":\"ListItem\",\"position\":1,\"name\":\"Strona g\u0142\u00f3wna\",\"item\":\"https:\/\/agetech.pl\/\"},{\"@type\":\"ListItem\",\"position\":2,\"name\":\"Wczesne wykrywanie demencji: prze\u0142omowe trendy 2025 roku\"}]},{\"@type\":\"WebSite\",\"@id\":\"https:\/\/agetech.pl\/#website\",\"url\":\"https:\/\/agetech.pl\/\",\"name\":\"AgeTech Polska\",\"description\":\"AgeTech Polska to pierwszy w Polsce portal po\u015bwi\u0119cony technologiom i innowacjom dla starzej\u0105cego si\u0119 spo\u0142ecze\u0144stwa.\",\"publisher\":{\"@id\":\"https:\/\/agetech.pl\/#organization\"},\"alternateName\":\"AgeTech Poland\",\"potentialAction\":[{\"@type\":\"SearchAction\",\"target\":{\"@type\":\"EntryPoint\",\"urlTemplate\":\"https:\/\/agetech.pl\/?s={search_term_string}\"},\"query-input\":{\"@type\":\"PropertyValueSpecification\",\"valueRequired\":true,\"valueName\":\"search_term_string\"}}],\"inLanguage\":\"pl-PL\"},{\"@type\":\"Organization\",\"@id\":\"https:\/\/agetech.pl\/#organization\",\"name\":\"AgeTech Polska\",\"url\":\"https:\/\/agetech.pl\/\",\"logo\":{\"@type\":\"ImageObject\",\"inLanguage\":\"pl-PL\",\"@id\":\"https:\/\/agetech.pl\/#\/schema\/logo\/image\/\",\"url\":\"https:\/\/agetech.pl\/wp-content\/uploads\/2025\/05\/ksenia-emelianchik-i-CJpO_SzzU-unsplash-scaled.jpg\",\"contentUrl\":\"https:\/\/agetech.pl\/wp-content\/uploads\/2025\/05\/ksenia-emelianchik-i-CJpO_SzzU-unsplash-scaled.jpg\",\"width\":1707,\"height\":2560,\"caption\":\"AgeTech Polska\"},\"image\":{\"@id\":\"https:\/\/agetech.pl\/#\/schema\/logo\/image\/\"},\"sameAs\":[\"https:\/\/www.linkedin.com\/company\/agetech-polska\/\"]},{\"@type\":\"Person\",\"@id\":\"https:\/\/agetech.pl\/#\/schema\/person\/3ecdc945de88abfd1f3b0d000f804b32\",\"name\":\"Jerzy Walczak\",\"image\":{\"@type\":\"ImageObject\",\"inLanguage\":\"pl-PL\",\"@id\":\"https:\/\/agetech.pl\/#\/schema\/person\/image\/\",\"url\":\"https:\/\/secure.gravatar.com\/avatar\/5bd437b1851527d53dde2b95fdfc8e53e740b0b743e02c25d4299ac827932234?s=96&d=mm&r=g\",\"contentUrl\":\"https:\/\/secure.gravatar.com\/avatar\/5bd437b1851527d53dde2b95fdfc8e53e740b0b743e02c25d4299ac827932234?s=96&d=mm&r=g\",\"caption\":\"Jerzy Walczak\"},\"url\":\"https:\/\/agetech.pl\/index.php\/author\/redaktor-jw\/\"}]}<\/script>\n<!-- \/ Yoast SEO plugin. -->","yoast_head_json":{"title":"Wczesne wykrywanie demencji: prze\u0142omowe trendy 2025 roku - AgeTech Polska","robots":{"index":"index","follow":"follow","max-snippet":"max-snippet:-1","max-image-preview":"max-image-preview:large","max-video-preview":"max-video-preview:-1"},"canonical":"https:\/\/agetech.pl\/index.php\/2025\/09\/10\/wczesne-wykrywanie-demencji-przelomowe-trendy-2025-roku\/","og_locale":"pl_PL","og_type":"article","og_title":"Wczesne wykrywanie demencji: prze\u0142omowe trendy 2025 roku - AgeTech Polska","og_description":"Wyobra\u017amy sobie \u015bwiat, w kt\u00f3rym demencj\u0119 mo\u017cna wykry\u0107 dekad\u0119 przed pojawieniem si\u0119 pierwszych objaw\u00f3w. \u015awiat, gdzie 3-minutowy test fal m\u00f3zgowych zast\u0119puje wielomiesi\u0119czn\u0105 diagnostyk\u0119, a sztuczna inteligencja rozpoznaje 9 typ\u00f3w demencji z jednego skanu m\u00f3zgu z 88% skuteczno\u015bci\u0105.","og_url":"https:\/\/agetech.pl\/index.php\/2025\/09\/10\/wczesne-wykrywanie-demencji-przelomowe-trendy-2025-roku\/","og_site_name":"AgeTech Polska","article_published_time":"2025-09-10T19:24:57+00:00","article_modified_time":"2025-09-10T19:25:00+00:00","og_image":[{"width":2560,"height":1707,"url":"https:\/\/agetech.pl\/wp-content\/uploads\/2025\/09\/Wczesne-wykrywanie-demencji-scaled.jpg","type":"image\/jpeg"}],"author":"Jerzy Walczak","twitter_card":"summary_large_image","twitter_misc":{"Napisane przez":"Jerzy Walczak","Szacowany czas czytania":"8 minut"},"schema":{"@context":"https:\/\/schema.org","@graph":[{"@type":"Article","@id":"https:\/\/agetech.pl\/index.php\/2025\/09\/10\/wczesne-wykrywanie-demencji-przelomowe-trendy-2025-roku\/#article","isPartOf":{"@id":"https:\/\/agetech.pl\/index.php\/2025\/09\/10\/wczesne-wykrywanie-demencji-przelomowe-trendy-2025-roku\/"},"author":{"name":"Jerzy Walczak","@id":"https:\/\/agetech.pl\/#\/schema\/person\/3ecdc945de88abfd1f3b0d000f804b32"},"headline":"Wczesne wykrywanie demencji: prze\u0142omowe trendy 2025 roku","datePublished":"2025-09-10T19:24:57+00:00","dateModified":"2025-09-10T19:25:00+00:00","mainEntityOfPage":{"@id":"https:\/\/agetech.pl\/index.php\/2025\/09\/10\/wczesne-wykrywanie-demencji-przelomowe-trendy-2025-roku\/"},"wordCount":1497,"publisher":{"@id":"https:\/\/agetech.pl\/#organization"},"image":{"@id":"https:\/\/agetech.pl\/index.php\/2025\/09\/10\/wczesne-wykrywanie-demencji-przelomowe-trendy-2025-roku\/#primaryimage"},"thumbnailUrl":"https:\/\/agetech.pl\/wp-content\/uploads\/2025\/09\/Wczesne-wykrywanie-demencji-scaled.jpg","keywords":["AI","Inwestycje","Opieka","Startup","Zdrowie"],"articleSection":["Innowacje","Opieka","Technologia","Zdrowie"],"inLanguage":"pl-PL"},{"@type":"WebPage","@id":"https:\/\/agetech.pl\/index.php\/2025\/09\/10\/wczesne-wykrywanie-demencji-przelomowe-trendy-2025-roku\/","url":"https:\/\/agetech.pl\/index.php\/2025\/09\/10\/wczesne-wykrywanie-demencji-przelomowe-trendy-2025-roku\/","name":"Wczesne wykrywanie demencji: prze\u0142omowe trendy 2025 roku - AgeTech Polska","isPartOf":{"@id":"https:\/\/agetech.pl\/#website"},"primaryImageOfPage":{"@id":"https:\/\/agetech.pl\/index.php\/2025\/09\/10\/wczesne-wykrywanie-demencji-przelomowe-trendy-2025-roku\/#primaryimage"},"image":{"@id":"https:\/\/agetech.pl\/index.php\/2025\/09\/10\/wczesne-wykrywanie-demencji-przelomowe-trendy-2025-roku\/#primaryimage"},"thumbnailUrl":"https:\/\/agetech.pl\/wp-content\/uploads\/2025\/09\/Wczesne-wykrywanie-demencji-scaled.jpg","datePublished":"2025-09-10T19:24:57+00:00","dateModified":"2025-09-10T19:25:00+00:00","breadcrumb":{"@id":"https:\/\/agetech.pl\/index.php\/2025\/09\/10\/wczesne-wykrywanie-demencji-przelomowe-trendy-2025-roku\/#breadcrumb"},"inLanguage":"pl-PL","potentialAction":[{"@type":"ReadAction","target":["https:\/\/agetech.pl\/index.php\/2025\/09\/10\/wczesne-wykrywanie-demencji-przelomowe-trendy-2025-roku\/"]}]},{"@type":"ImageObject","inLanguage":"pl-PL","@id":"https:\/\/agetech.pl\/index.php\/2025\/09\/10\/wczesne-wykrywanie-demencji-przelomowe-trendy-2025-roku\/#primaryimage","url":"https:\/\/agetech.pl\/wp-content\/uploads\/2025\/09\/Wczesne-wykrywanie-demencji-scaled.jpg","contentUrl":"https:\/\/agetech.pl\/wp-content\/uploads\/2025\/09\/Wczesne-wykrywanie-demencji-scaled.jpg","width":2560,"height":1707,"caption":"Photo by Steven HWG on Unsplash"},{"@type":"BreadcrumbList","@id":"https:\/\/agetech.pl\/index.php\/2025\/09\/10\/wczesne-wykrywanie-demencji-przelomowe-trendy-2025-roku\/#breadcrumb","itemListElement":[{"@type":"ListItem","position":1,"name":"Strona g\u0142\u00f3wna","item":"https:\/\/agetech.pl\/"},{"@type":"ListItem","position":2,"name":"Wczesne wykrywanie demencji: prze\u0142omowe trendy 2025 roku"}]},{"@type":"WebSite","@id":"https:\/\/agetech.pl\/#website","url":"https:\/\/agetech.pl\/","name":"AgeTech Polska","description":"AgeTech Polska to pierwszy w Polsce portal po\u015bwi\u0119cony technologiom i innowacjom dla starzej\u0105cego si\u0119 spo\u0142ecze\u0144stwa.","publisher":{"@id":"https:\/\/agetech.pl\/#organization"},"alternateName":"AgeTech Poland","potentialAction":[{"@type":"SearchAction","target":{"@type":"EntryPoint","urlTemplate":"https:\/\/agetech.pl\/?s={search_term_string}"},"query-input":{"@type":"PropertyValueSpecification","valueRequired":true,"valueName":"search_term_string"}}],"inLanguage":"pl-PL"},{"@type":"Organization","@id":"https:\/\/agetech.pl\/#organization","name":"AgeTech Polska","url":"https:\/\/agetech.pl\/","logo":{"@type":"ImageObject","inLanguage":"pl-PL","@id":"https:\/\/agetech.pl\/#\/schema\/logo\/image\/","url":"https:\/\/agetech.pl\/wp-content\/uploads\/2025\/05\/ksenia-emelianchik-i-CJpO_SzzU-unsplash-scaled.jpg","contentUrl":"https:\/\/agetech.pl\/wp-content\/uploads\/2025\/05\/ksenia-emelianchik-i-CJpO_SzzU-unsplash-scaled.jpg","width":1707,"height":2560,"caption":"AgeTech Polska"},"image":{"@id":"https:\/\/agetech.pl\/#\/schema\/logo\/image\/"},"sameAs":["https:\/\/www.linkedin.com\/company\/agetech-polska\/"]},{"@type":"Person","@id":"https:\/\/agetech.pl\/#\/schema\/person\/3ecdc945de88abfd1f3b0d000f804b32","name":"Jerzy Walczak","image":{"@type":"ImageObject","inLanguage":"pl-PL","@id":"https:\/\/agetech.pl\/#\/schema\/person\/image\/","url":"https:\/\/secure.gravatar.com\/avatar\/5bd437b1851527d53dde2b95fdfc8e53e740b0b743e02c25d4299ac827932234?s=96&d=mm&r=g","contentUrl":"https:\/\/secure.gravatar.com\/avatar\/5bd437b1851527d53dde2b95fdfc8e53e740b0b743e02c25d4299ac827932234?s=96&d=mm&r=g","caption":"Jerzy Walczak"},"url":"https:\/\/agetech.pl\/index.php\/author\/redaktor-jw\/"}]}},"jetpack_featured_media_url":"https:\/\/agetech.pl\/wp-content\/uploads\/2025\/09\/Wczesne-wykrywanie-demencji-scaled.jpg","jetpack_sharing_enabled":true,"_links":{"self":[{"href":"https:\/\/agetech.pl\/index.php\/wp-json\/wp\/v2\/posts\/5166","targetHints":{"allow":["GET"]}}],"collection":[{"href":"https:\/\/agetech.pl\/index.php\/wp-json\/wp\/v2\/posts"}],"about":[{"href":"https:\/\/agetech.pl\/index.php\/wp-json\/wp\/v2\/types\/post"}],"author":[{"embeddable":true,"href":"https:\/\/agetech.pl\/index.php\/wp-json\/wp\/v2\/users\/5"}],"replies":[{"embeddable":true,"href":"https:\/\/agetech.pl\/index.php\/wp-json\/wp\/v2\/comments?post=5166"}],"version-history":[{"count":1,"href":"https:\/\/agetech.pl\/index.php\/wp-json\/wp\/v2\/posts\/5166\/revisions"}],"predecessor-version":[{"id":5168,"href":"https:\/\/agetech.pl\/index.php\/wp-json\/wp\/v2\/posts\/5166\/revisions\/5168"}],"wp:featuredmedia":[{"embeddable":true,"href":"https:\/\/agetech.pl\/index.php\/wp-json\/wp\/v2\/media\/5167"}],"wp:attachment":[{"href":"https:\/\/agetech.pl\/index.php\/wp-json\/wp\/v2\/media?parent=5166"}],"wp:term":[{"taxonomy":"category","embeddable":true,"href":"https:\/\/agetech.pl\/index.php\/wp-json\/wp\/v2\/categories?post=5166"},{"taxonomy":"post_tag","embeddable":true,"href":"https:\/\/agetech.pl\/index.php\/wp-json\/wp\/v2\/tags?post=5166"}],"curies":[{"name":"wp","href":"https:\/\/api.w.org\/{rel}","templated":true}]}}