{"id":5244,"date":"2025-12-28T21:03:55","date_gmt":"2025-12-28T20:03:55","guid":{"rendered":"https:\/\/agetech.pl\/?p=5244"},"modified":"2025-12-28T21:05:02","modified_gmt":"2025-12-28T20:05:02","slug":"do-2034-roku-osoby-starsze-w-usa-maja-przewyzszyc-liczebnie-dzieci-po-raz-pierwszy-w-historii-kraju","status":"publish","type":"post","link":"https:\/\/agetech.pl\/index.php\/2025\/12\/28\/do-2034-roku-osoby-starsze-w-usa-maja-przewyzszyc-liczebnie-dzieci-po-raz-pierwszy-w-historii-kraju\/","title":{"rendered":"Do 2034 roku osoby starsze w USA maj\u0105 przewy\u017cszy\u0107 liczebnie dzieci po raz pierwszy w historii kraju."},"content":{"rendered":"\n<p>Do 2034 roku w Stanach Zjednoczonych osoby w wieku 65 lat i starsze maj\u0105 po raz pierwszy w historii kraju przewy\u017cszy\u0107 liczebnie dzieci poni\u017cej 18. roku \u017cycia. Wed\u0142ug zaktualizowanych prognoz U.S. Census Bureau z 2017 roku, do tego czasu b\u0119dzie 77 milion\u00f3w senior\u00f3w wobec 76,5 miliona nieletnich. Ten demograficzny prze\u0142om wynika g\u0142\u00f3wnie ze starzenia si\u0119 pokolenia baby boomer\u00f3w, co radykalnie zmieni struktur\u0119 spo\u0142eczn\u0105 USA.<\/p>\n\n\n\n<h2 class=\"wp-block-heading\">Kluczowy moment w 2030 roku<\/h2>\n\n\n\n<p>Rok 2030 stanie si\u0119 punktem zwrotnym, gdy wszyscy baby boomerzy przekrocz\u0105 65. rok \u017cycia, powi\u0119kszaj\u0105c grup\u0119 emeryt\u00f3w do 1 na 5 mieszka\u0144c\u00f3w kraju. Demograf Jonathan Vespa z Census Bureau podkre\u015bla, \u017ce w ci\u0105gu dw\u00f3ch dekad seniorzy zdominuj\u0105 liczebnie najm\u0142odsze pokolenia. Lata 30. XXI wieku przynios\u0105 nie tylko wolniejszy wzrost populacji, ale te\u017c jej wyra\u017ane starzenie si\u0119 i rosn\u0105c\u0105 r\u00f3\u017cnorodno\u015b\u0107 rasow\u0105 oraz etniczn\u0105.<\/p>\n\n\n\n<figure class=\"wp-block-image size-full\"><img fetchpriority=\"high\" decoding=\"async\" width=\"800\" height=\"847\" src=\"https:\/\/agetech.pl\/wp-content\/uploads\/2025\/12\/census-zmiana-demograficzna-w-usa.jpeg\" alt=\"\" class=\"wp-image-5245\" srcset=\"https:\/\/agetech.pl\/wp-content\/uploads\/2025\/12\/census-zmiana-demograficzna-w-usa.jpeg 800w, https:\/\/agetech.pl\/wp-content\/uploads\/2025\/12\/census-zmiana-demograficzna-w-usa-283x300.jpeg 283w, https:\/\/agetech.pl\/wp-content\/uploads\/2025\/12\/census-zmiana-demograficzna-w-usa-768x813.jpeg 768w, https:\/\/agetech.pl\/wp-content\/uploads\/2025\/12\/census-zmiana-demograficzna-w-usa-527x558.jpeg 527w, https:\/\/agetech.pl\/wp-content\/uploads\/2025\/12\/census-zmiana-demograficzna-w-usa-688x728.jpeg 688w\" sizes=\"(max-width: 800px) 100vw, 800px\" \/><\/figure>\n\n\n\n<h2 class=\"wp-block-heading\">Zmiana roli migracji<\/h2>\n\n\n\n<p>Do 2030 roku netto migracja mi\u0119dzynarodowa prze\u015bcignie przyrost naturalny (r\u00f3\u017cnic\u0119 mi\u0119dzy urodzeniami a zgonami) jako g\u0142\u00f3wne \u017ar\u00f3d\u0142o wzrostu ludno\u015bci USA \u2013 to b\u0119dzie kolejny demograficzny debiut w historii kraju, po raz pierwszy w takiej sytuacji. Mimo \u017ce liczba urodze\u0144 pozostanie blisko czterokrotnie wy\u017csza od poziomu netto migracji w nadchodz\u0105cych dekadach, gwa\u0142townie rosn\u0105ca \u015bmiertelno\u015b\u0107 \u2013 przede wszystkim w\u015br\u00f3d starzej\u0105cych si\u0119 baby boomer\u00f3w wchodz\u0105cych w wiek zaawansowanej staro\u015bci \u2013 znacz\u0105co os\u0142abi wk\u0142ad naturalnego przyrostu w rozw\u00f3j populacji w latach 2020\u20132050. Mi\u0119dzy 2020 a 2050 rokiem liczba zgon\u00f3w ma wzrosn\u0105\u0107 dwukrotnie lub wi\u0119cej, co zr\u00f3wnowa\u017cy wi\u0119kszo\u015b\u0107 nowych narodzin i sprawi, \u017ce migracja stanie si\u0119 nieodzownym motorem wzrostu demograficznego, nawet przy relatywnie sta\u0142ych poziomach imigracji.<\/p>\n\n\n\n<p>Ta zmiana podkre\u015bla rosn\u0105ce wyzwania zwi\u0105zane ze starzej\u0105cym si\u0119 spo\u0142ecze\u0144stwem: baby boomerzy, urodzeni w latach 1946\u20131964, wchodz\u0105 masowo w faz\u0119 najwi\u0119kszego ryzyka zdrowotnego, co zwi\u0119ksza obci\u0105\u017cenie system\u00f3w emerytalnych i opieki zdrowotnej. Jednocze\u015bnie prognozy wskazuj\u0105, \u017ce imigranci \u2013 zar\u00f3wno pierwsi, jak i ich potomkowie \u2013 b\u0119d\u0105 kluczowi dla utrzymania si\u0142y roboczej i dynamiki gospodarczej USA. <\/p>\n\n\n\n<p>Bez sta\u0142ego nap\u0142ywu migrant\u00f3w populacja mog\u0142aby nawet zacz\u0105\u0107 si\u0119 kurczy\u0107, co wp\u0142yn\u0119\u0142oby na wszystkie sektory gospodarki, od produkcji po innowacje.<\/p>\n\n\n\n<h2 class=\"wp-block-heading\">Korekty i wiarygodno\u015b\u0107<\/h2>\n\n\n\n<p>Prognozy z 2017 roku opieraj\u0105 si\u0119 na spisie z 2010 roku i s\u0105 trzeci\u0105 seri\u0105 tego typu, aktualizuj\u0105c\u0105 dane z 2014 roku. Po raz pierwszy uwzgl\u0119dniaj\u0105 r\u00f3\u017cnice w p\u0142odno\u015bci mi\u0119dzy kobietami rodzimymi a imigrantkami, kt\u00f3re maj\u0105 wy\u017csze wska\u017aniki urodze\u0144. Nowo\u015bci\u0105 s\u0105 te\u017c za\u0142o\u017cenia dotycz\u0105ce ni\u017cszej \u015bmiertelno\u015bci i d\u0142u\u017cszej oczekiwanej d\u0142ugo\u015bci \u017cycia cudzoziemc\u00f3w, co lepiej oddaje wp\u0142yw migracji na populacj\u0119. Serie te po raz pierwszy projektuj\u0105 sk\u0142ad rasowy i etniczny zar\u00f3wno dzieci, jak i senior\u00f3w.<\/p>\n\n\n\n<p>Oryginalne dane z marca 2017 roku zosta\u0142y skorygowane we wrze\u015bniu 2018 i pa\u017adzierniku 2019 z powodu b\u0142\u0119du w kalkulacji \u015bmiertelno\u015bci niemowl\u0105t, co nieznacznie zwi\u0119kszy\u0142o prognozowan\u0105 populacj\u0119. B\u0142\u0105d nie wp\u0142yn\u0105\u0142 na trendy takie jak starzenie si\u0119 spo\u0142ecze\u0144stwa czy wzrost r\u00f3\u017cnorodno\u015bci. Zaktualizowane pliki dost\u0119pne s\u0105 na stronie Census Bureau, a komunikaty prasowe oznaczono zmianami.<\/p>\n\n\n\n<p><em>Bernard Go\u0142ko<\/em><\/p>\n\n\n\n<p><\/p>\n\n\n\n<p>______________________<\/p>\n\n\n\n<p>\u0179r\u00f3d\u0142o: Census Bureau<\/p>\n","protected":false},"excerpt":{"rendered":"Do 2030 roku netto migracja mi\u0119dzynarodowa prze\u015bcignie przyrost naturalny (r\u00f3\u017cnic\u0119 mi\u0119dzy urodzeniami a zgonami) jako g\u0142\u00f3wne \u017ar\u00f3d\u0142o wzrostu ludno\u015bci USA \u2013 to b\u0119dzie kolejny demograficzny debiut w historii kraju, po raz pierwszy w takiej sytuacji.","protected":false},"author":3,"featured_media":5246,"comment_status":"closed","ping_status":"open","sticky":false,"template":"","format":"standard","meta":{"_price":"","_stock":"","_tribe_ticket_header":"","_tribe_default_ticket_provider":"","_ticket_start_date":"","_ticket_end_date":"","_tribe_ticket_show_description":"","_tribe_ticket_show_not_going":false,"_tribe_ticket_use_global_stock":"","_tribe_ticket_global_stock_level":"","_global_stock_mode":"","_global_stock_cap":"","_tribe_rsvp_for_event":"","_tribe_ticket_going_count":"","_tribe_ticket_not_going_count":"","_tribe_tickets_list":"[]","_tribe_ticket_has_attendee_info_fields":false,"csco_display_header_overlay":false,"csco_singular_sidebar":"","csco_page_header_type":"","csco_page_load_nextpost":"","csco_post_video_location":[],"csco_post_video_location_hash":"","csco_post_video_url":"","csco_post_video_bg_start_time":0,"csco_post_video_bg_end_time":0,"_jetpack_memberships_contains_paid_content":false,"footnotes":""},"categories":[5],"tags":[24,232],"class_list":["post-5244","post","type-post","status-publish","format-standard","has-post-thumbnail","category-trendy","tag-spoleczenstwo","tag-usa","cs-entry","cs-video-wrap"],"yoast_head":"<!-- This site is optimized with the Yoast SEO plugin v27.1.1 - https:\/\/yoast.com\/product\/yoast-seo-wordpress\/ -->\n<title>Do 2034 roku osoby starsze w USA maj\u0105 przewy\u017cszy\u0107 liczebnie dzieci po raz pierwszy w historii kraju. - AgeTech Polska<\/title>\n<meta name=\"description\" content=\"Rok 2030 stanie si\u0119 punktem zwrotnym, gdy wszyscy baby boomerzy przekrocz\u0105 65. rok \u017cycia. starzej\u0105ce si\u0119 spo\u0142ecze\u0144stwo USA\" \/>\n<meta name=\"robots\" content=\"index, follow, max-snippet:-1, max-image-preview:large, max-video-preview:-1\" \/>\n<link rel=\"canonical\" href=\"https:\/\/agetech.pl\/index.php\/2025\/12\/28\/do-2034-roku-osoby-starsze-w-usa-maja-przewyzszyc-liczebnie-dzieci-po-raz-pierwszy-w-historii-kraju\/\" \/>\n<meta property=\"og:locale\" content=\"pl_PL\" \/>\n<meta property=\"og:type\" content=\"article\" \/>\n<meta property=\"og:title\" content=\"Do 2034 roku osoby starsze w USA maj\u0105 przewy\u017cszy\u0107 liczebnie dzieci po raz pierwszy w historii kraju. - AgeTech Polska\" \/>\n<meta property=\"og:description\" content=\"Rok 2030 stanie si\u0119 punktem zwrotnym, gdy wszyscy baby boomerzy przekrocz\u0105 65. rok \u017cycia. starzej\u0105ce si\u0119 spo\u0142ecze\u0144stwo USA\" \/>\n<meta property=\"og:url\" content=\"https:\/\/agetech.pl\/index.php\/2025\/12\/28\/do-2034-roku-osoby-starsze-w-usa-maja-przewyzszyc-liczebnie-dzieci-po-raz-pierwszy-w-historii-kraju\/\" \/>\n<meta property=\"og:site_name\" content=\"AgeTech Polska\" \/>\n<meta property=\"article:published_time\" content=\"2025-12-28T20:03:55+00:00\" \/>\n<meta property=\"article:modified_time\" content=\"2025-12-28T20:05:02+00:00\" \/>\n<meta property=\"og:image\" content=\"https:\/\/agetech.pl\/wp-content\/uploads\/2025\/12\/markus-spiske-3_SvgDspSTE-unsplash-scaled.jpg\" \/>\n\t<meta property=\"og:image:width\" content=\"2560\" \/>\n\t<meta property=\"og:image:height\" content=\"1706\" \/>\n\t<meta property=\"og:image:type\" content=\"image\/jpeg\" \/>\n<meta name=\"author\" content=\"Bernard Go\u0142ko\" \/>\n<meta name=\"twitter:card\" content=\"summary_large_image\" \/>\n<meta name=\"twitter:label1\" content=\"Napisane przez\" \/>\n\t<meta name=\"twitter:data1\" content=\"Bernard Go\u0142ko\" \/>\n\t<meta name=\"twitter:label2\" content=\"Szacowany czas czytania\" \/>\n\t<meta name=\"twitter:data2\" content=\"4 minuty\" \/>\n<script type=\"application\/ld+json\" class=\"yoast-schema-graph\">{\"@context\":\"https:\/\/schema.org\",\"@graph\":[{\"@type\":\"Article\",\"@id\":\"https:\/\/agetech.pl\/index.php\/2025\/12\/28\/do-2034-roku-osoby-starsze-w-usa-maja-przewyzszyc-liczebnie-dzieci-po-raz-pierwszy-w-historii-kraju\/#article\",\"isPartOf\":{\"@id\":\"https:\/\/agetech.pl\/index.php\/2025\/12\/28\/do-2034-roku-osoby-starsze-w-usa-maja-przewyzszyc-liczebnie-dzieci-po-raz-pierwszy-w-historii-kraju\/\"},\"author\":{\"name\":\"Bernard Go\u0142ko\",\"@id\":\"https:\/\/agetech.pl\/#\/schema\/person\/0ce2ee6d36e26582d692e31675b999db\"},\"headline\":\"Do 2034 roku osoby starsze w USA maj\u0105 przewy\u017cszy\u0107 liczebnie dzieci po raz pierwszy w historii kraju.\",\"datePublished\":\"2025-12-28T20:03:55+00:00\",\"dateModified\":\"2025-12-28T20:05:02+00:00\",\"mainEntityOfPage\":{\"@id\":\"https:\/\/agetech.pl\/index.php\/2025\/12\/28\/do-2034-roku-osoby-starsze-w-usa-maja-przewyzszyc-liczebnie-dzieci-po-raz-pierwszy-w-historii-kraju\/\"},\"wordCount\":557,\"publisher\":{\"@id\":\"https:\/\/agetech.pl\/#organization\"},\"image\":{\"@id\":\"https:\/\/agetech.pl\/index.php\/2025\/12\/28\/do-2034-roku-osoby-starsze-w-usa-maja-przewyzszyc-liczebnie-dzieci-po-raz-pierwszy-w-historii-kraju\/#primaryimage\"},\"thumbnailUrl\":\"https:\/\/agetech.pl\/wp-content\/uploads\/2025\/12\/markus-spiske-3_SvgDspSTE-unsplash-scaled.jpg\",\"keywords\":[\"Spo\u0142ecze\u0144stwo\",\"USA\"],\"articleSection\":[\"Trendy\"],\"inLanguage\":\"pl-PL\"},{\"@type\":\"WebPage\",\"@id\":\"https:\/\/agetech.pl\/index.php\/2025\/12\/28\/do-2034-roku-osoby-starsze-w-usa-maja-przewyzszyc-liczebnie-dzieci-po-raz-pierwszy-w-historii-kraju\/\",\"url\":\"https:\/\/agetech.pl\/index.php\/2025\/12\/28\/do-2034-roku-osoby-starsze-w-usa-maja-przewyzszyc-liczebnie-dzieci-po-raz-pierwszy-w-historii-kraju\/\",\"name\":\"Do 2034 roku osoby starsze w USA maj\u0105 przewy\u017cszy\u0107 liczebnie dzieci po raz pierwszy w historii kraju. - AgeTech Polska\",\"isPartOf\":{\"@id\":\"https:\/\/agetech.pl\/#website\"},\"primaryImageOfPage\":{\"@id\":\"https:\/\/agetech.pl\/index.php\/2025\/12\/28\/do-2034-roku-osoby-starsze-w-usa-maja-przewyzszyc-liczebnie-dzieci-po-raz-pierwszy-w-historii-kraju\/#primaryimage\"},\"image\":{\"@id\":\"https:\/\/agetech.pl\/index.php\/2025\/12\/28\/do-2034-roku-osoby-starsze-w-usa-maja-przewyzszyc-liczebnie-dzieci-po-raz-pierwszy-w-historii-kraju\/#primaryimage\"},\"thumbnailUrl\":\"https:\/\/agetech.pl\/wp-content\/uploads\/2025\/12\/markus-spiske-3_SvgDspSTE-unsplash-scaled.jpg\",\"datePublished\":\"2025-12-28T20:03:55+00:00\",\"dateModified\":\"2025-12-28T20:05:02+00:00\",\"description\":\"Rok 2030 stanie si\u0119 punktem zwrotnym, gdy wszyscy baby boomerzy przekrocz\u0105 65. rok \u017cycia. starzej\u0105ce si\u0119 spo\u0142ecze\u0144stwo USA\",\"breadcrumb\":{\"@id\":\"https:\/\/agetech.pl\/index.php\/2025\/12\/28\/do-2034-roku-osoby-starsze-w-usa-maja-przewyzszyc-liczebnie-dzieci-po-raz-pierwszy-w-historii-kraju\/#breadcrumb\"},\"inLanguage\":\"pl-PL\",\"potentialAction\":[{\"@type\":\"ReadAction\",\"target\":[\"https:\/\/agetech.pl\/index.php\/2025\/12\/28\/do-2034-roku-osoby-starsze-w-usa-maja-przewyzszyc-liczebnie-dzieci-po-raz-pierwszy-w-historii-kraju\/\"]}]},{\"@type\":\"ImageObject\",\"inLanguage\":\"pl-PL\",\"@id\":\"https:\/\/agetech.pl\/index.php\/2025\/12\/28\/do-2034-roku-osoby-starsze-w-usa-maja-przewyzszyc-liczebnie-dzieci-po-raz-pierwszy-w-historii-kraju\/#primaryimage\",\"url\":\"https:\/\/agetech.pl\/wp-content\/uploads\/2025\/12\/markus-spiske-3_SvgDspSTE-unsplash-scaled.jpg\",\"contentUrl\":\"https:\/\/agetech.pl\/wp-content\/uploads\/2025\/12\/markus-spiske-3_SvgDspSTE-unsplash-scaled.jpg\",\"width\":2560,\"height\":1706,\"caption\":\"Photo by Markus Spiske on Unsplash\"},{\"@type\":\"BreadcrumbList\",\"@id\":\"https:\/\/agetech.pl\/index.php\/2025\/12\/28\/do-2034-roku-osoby-starsze-w-usa-maja-przewyzszyc-liczebnie-dzieci-po-raz-pierwszy-w-historii-kraju\/#breadcrumb\",\"itemListElement\":[{\"@type\":\"ListItem\",\"position\":1,\"name\":\"Strona g\u0142\u00f3wna\",\"item\":\"https:\/\/agetech.pl\/\"},{\"@type\":\"ListItem\",\"position\":2,\"name\":\"Do 2034 roku osoby starsze w USA maj\u0105 przewy\u017cszy\u0107 liczebnie dzieci po raz pierwszy w historii kraju.\"}]},{\"@type\":\"WebSite\",\"@id\":\"https:\/\/agetech.pl\/#website\",\"url\":\"https:\/\/agetech.pl\/\",\"name\":\"AgeTech Polska\",\"description\":\"AgeTech Polska to pierwszy w Polsce portal po\u015bwi\u0119cony technologiom i innowacjom dla starzej\u0105cego si\u0119 spo\u0142ecze\u0144stwa.\",\"publisher\":{\"@id\":\"https:\/\/agetech.pl\/#organization\"},\"alternateName\":\"AgeTech Poland\",\"potentialAction\":[{\"@type\":\"SearchAction\",\"target\":{\"@type\":\"EntryPoint\",\"urlTemplate\":\"https:\/\/agetech.pl\/?s={search_term_string}\"},\"query-input\":{\"@type\":\"PropertyValueSpecification\",\"valueRequired\":true,\"valueName\":\"search_term_string\"}}],\"inLanguage\":\"pl-PL\"},{\"@type\":\"Organization\",\"@id\":\"https:\/\/agetech.pl\/#organization\",\"name\":\"AgeTech Polska\",\"url\":\"https:\/\/agetech.pl\/\",\"logo\":{\"@type\":\"ImageObject\",\"inLanguage\":\"pl-PL\",\"@id\":\"https:\/\/agetech.pl\/#\/schema\/logo\/image\/\",\"url\":\"https:\/\/agetech.pl\/wp-content\/uploads\/2025\/05\/ksenia-emelianchik-i-CJpO_SzzU-unsplash-scaled.jpg\",\"contentUrl\":\"https:\/\/agetech.pl\/wp-content\/uploads\/2025\/05\/ksenia-emelianchik-i-CJpO_SzzU-unsplash-scaled.jpg\",\"width\":1707,\"height\":2560,\"caption\":\"AgeTech Polska\"},\"image\":{\"@id\":\"https:\/\/agetech.pl\/#\/schema\/logo\/image\/\"},\"sameAs\":[\"https:\/\/www.linkedin.com\/company\/agetech-polska\/\"]},{\"@type\":\"Person\",\"@id\":\"https:\/\/agetech.pl\/#\/schema\/person\/0ce2ee6d36e26582d692e31675b999db\",\"name\":\"Bernard Go\u0142ko\",\"image\":{\"@type\":\"ImageObject\",\"inLanguage\":\"pl-PL\",\"@id\":\"https:\/\/agetech.pl\/#\/schema\/person\/image\/\",\"url\":\"https:\/\/secure.gravatar.com\/avatar\/f8cccc7839379ae8d5de7b9e449f685ef675db7634a542d10671acd3816c3078?s=96&d=mm&r=g\",\"contentUrl\":\"https:\/\/secure.gravatar.com\/avatar\/f8cccc7839379ae8d5de7b9e449f685ef675db7634a542d10671acd3816c3078?s=96&d=mm&r=g\",\"caption\":\"Bernard Go\u0142ko\"},\"description\":\"Ekspert w dziedzinie transformacji cyfrowej w finansach i medycynie, z ponad 20-letnim do\u015bwiadczeniem w budowaniu strategii innowacji oraz wdra\u017caniu rozwi\u0105za\u0144 technologicznych dla mi\u0119dzynarodowych instytucji. Mentor w programie MFC Startup Bootcamp i wyk\u0142adowca w Polsko-Japo\u0144skiej Akademii Technik Komputerowych. Obecnie jako CEO w QVITI rozwija technologie medyczne wspieraj\u0105ce neurorehabilitacj\u0119 i d\u0142ugowieczno\u015b\u0107, \u0142\u0105cz\u0105c \u015bwiat neuro-nauki, terapii i immersyjnych technologii VR.\",\"sameAs\":[\"http:\/\/agatech.pl\",\"https:\/\/www.linkedin.com\/in\/bernardgolko\/\"],\"url\":\"https:\/\/agetech.pl\/index.php\/author\/redaktor\/\"}]}<\/script>\n<!-- \/ Yoast SEO plugin. -->","yoast_head_json":{"title":"Do 2034 roku osoby starsze w USA maj\u0105 przewy\u017cszy\u0107 liczebnie dzieci po raz pierwszy w historii kraju. - AgeTech Polska","description":"Rok 2030 stanie si\u0119 punktem zwrotnym, gdy wszyscy baby boomerzy przekrocz\u0105 65. rok \u017cycia. starzej\u0105ce si\u0119 spo\u0142ecze\u0144stwo USA","robots":{"index":"index","follow":"follow","max-snippet":"max-snippet:-1","max-image-preview":"max-image-preview:large","max-video-preview":"max-video-preview:-1"},"canonical":"https:\/\/agetech.pl\/index.php\/2025\/12\/28\/do-2034-roku-osoby-starsze-w-usa-maja-przewyzszyc-liczebnie-dzieci-po-raz-pierwszy-w-historii-kraju\/","og_locale":"pl_PL","og_type":"article","og_title":"Do 2034 roku osoby starsze w USA maj\u0105 przewy\u017cszy\u0107 liczebnie dzieci po raz pierwszy w historii kraju. - AgeTech Polska","og_description":"Rok 2030 stanie si\u0119 punktem zwrotnym, gdy wszyscy baby boomerzy przekrocz\u0105 65. rok \u017cycia. starzej\u0105ce si\u0119 spo\u0142ecze\u0144stwo USA","og_url":"https:\/\/agetech.pl\/index.php\/2025\/12\/28\/do-2034-roku-osoby-starsze-w-usa-maja-przewyzszyc-liczebnie-dzieci-po-raz-pierwszy-w-historii-kraju\/","og_site_name":"AgeTech Polska","article_published_time":"2025-12-28T20:03:55+00:00","article_modified_time":"2025-12-28T20:05:02+00:00","og_image":[{"width":2560,"height":1706,"url":"https:\/\/agetech.pl\/wp-content\/uploads\/2025\/12\/markus-spiske-3_SvgDspSTE-unsplash-scaled.jpg","type":"image\/jpeg"}],"author":"Bernard Go\u0142ko","twitter_card":"summary_large_image","twitter_misc":{"Napisane przez":"Bernard Go\u0142ko","Szacowany czas czytania":"4 minuty"},"schema":{"@context":"https:\/\/schema.org","@graph":[{"@type":"Article","@id":"https:\/\/agetech.pl\/index.php\/2025\/12\/28\/do-2034-roku-osoby-starsze-w-usa-maja-przewyzszyc-liczebnie-dzieci-po-raz-pierwszy-w-historii-kraju\/#article","isPartOf":{"@id":"https:\/\/agetech.pl\/index.php\/2025\/12\/28\/do-2034-roku-osoby-starsze-w-usa-maja-przewyzszyc-liczebnie-dzieci-po-raz-pierwszy-w-historii-kraju\/"},"author":{"name":"Bernard Go\u0142ko","@id":"https:\/\/agetech.pl\/#\/schema\/person\/0ce2ee6d36e26582d692e31675b999db"},"headline":"Do 2034 roku osoby starsze w USA maj\u0105 przewy\u017cszy\u0107 liczebnie dzieci po raz pierwszy w historii kraju.","datePublished":"2025-12-28T20:03:55+00:00","dateModified":"2025-12-28T20:05:02+00:00","mainEntityOfPage":{"@id":"https:\/\/agetech.pl\/index.php\/2025\/12\/28\/do-2034-roku-osoby-starsze-w-usa-maja-przewyzszyc-liczebnie-dzieci-po-raz-pierwszy-w-historii-kraju\/"},"wordCount":557,"publisher":{"@id":"https:\/\/agetech.pl\/#organization"},"image":{"@id":"https:\/\/agetech.pl\/index.php\/2025\/12\/28\/do-2034-roku-osoby-starsze-w-usa-maja-przewyzszyc-liczebnie-dzieci-po-raz-pierwszy-w-historii-kraju\/#primaryimage"},"thumbnailUrl":"https:\/\/agetech.pl\/wp-content\/uploads\/2025\/12\/markus-spiske-3_SvgDspSTE-unsplash-scaled.jpg","keywords":["Spo\u0142ecze\u0144stwo","USA"],"articleSection":["Trendy"],"inLanguage":"pl-PL"},{"@type":"WebPage","@id":"https:\/\/agetech.pl\/index.php\/2025\/12\/28\/do-2034-roku-osoby-starsze-w-usa-maja-przewyzszyc-liczebnie-dzieci-po-raz-pierwszy-w-historii-kraju\/","url":"https:\/\/agetech.pl\/index.php\/2025\/12\/28\/do-2034-roku-osoby-starsze-w-usa-maja-przewyzszyc-liczebnie-dzieci-po-raz-pierwszy-w-historii-kraju\/","name":"Do 2034 roku osoby starsze w USA maj\u0105 przewy\u017cszy\u0107 liczebnie dzieci po raz pierwszy w historii kraju. - AgeTech Polska","isPartOf":{"@id":"https:\/\/agetech.pl\/#website"},"primaryImageOfPage":{"@id":"https:\/\/agetech.pl\/index.php\/2025\/12\/28\/do-2034-roku-osoby-starsze-w-usa-maja-przewyzszyc-liczebnie-dzieci-po-raz-pierwszy-w-historii-kraju\/#primaryimage"},"image":{"@id":"https:\/\/agetech.pl\/index.php\/2025\/12\/28\/do-2034-roku-osoby-starsze-w-usa-maja-przewyzszyc-liczebnie-dzieci-po-raz-pierwszy-w-historii-kraju\/#primaryimage"},"thumbnailUrl":"https:\/\/agetech.pl\/wp-content\/uploads\/2025\/12\/markus-spiske-3_SvgDspSTE-unsplash-scaled.jpg","datePublished":"2025-12-28T20:03:55+00:00","dateModified":"2025-12-28T20:05:02+00:00","description":"Rok 2030 stanie si\u0119 punktem zwrotnym, gdy wszyscy baby boomerzy przekrocz\u0105 65. rok \u017cycia. starzej\u0105ce si\u0119 spo\u0142ecze\u0144stwo USA","breadcrumb":{"@id":"https:\/\/agetech.pl\/index.php\/2025\/12\/28\/do-2034-roku-osoby-starsze-w-usa-maja-przewyzszyc-liczebnie-dzieci-po-raz-pierwszy-w-historii-kraju\/#breadcrumb"},"inLanguage":"pl-PL","potentialAction":[{"@type":"ReadAction","target":["https:\/\/agetech.pl\/index.php\/2025\/12\/28\/do-2034-roku-osoby-starsze-w-usa-maja-przewyzszyc-liczebnie-dzieci-po-raz-pierwszy-w-historii-kraju\/"]}]},{"@type":"ImageObject","inLanguage":"pl-PL","@id":"https:\/\/agetech.pl\/index.php\/2025\/12\/28\/do-2034-roku-osoby-starsze-w-usa-maja-przewyzszyc-liczebnie-dzieci-po-raz-pierwszy-w-historii-kraju\/#primaryimage","url":"https:\/\/agetech.pl\/wp-content\/uploads\/2025\/12\/markus-spiske-3_SvgDspSTE-unsplash-scaled.jpg","contentUrl":"https:\/\/agetech.pl\/wp-content\/uploads\/2025\/12\/markus-spiske-3_SvgDspSTE-unsplash-scaled.jpg","width":2560,"height":1706,"caption":"Photo by Markus Spiske on Unsplash"},{"@type":"BreadcrumbList","@id":"https:\/\/agetech.pl\/index.php\/2025\/12\/28\/do-2034-roku-osoby-starsze-w-usa-maja-przewyzszyc-liczebnie-dzieci-po-raz-pierwszy-w-historii-kraju\/#breadcrumb","itemListElement":[{"@type":"ListItem","position":1,"name":"Strona g\u0142\u00f3wna","item":"https:\/\/agetech.pl\/"},{"@type":"ListItem","position":2,"name":"Do 2034 roku osoby starsze w USA maj\u0105 przewy\u017cszy\u0107 liczebnie dzieci po raz pierwszy w historii kraju."}]},{"@type":"WebSite","@id":"https:\/\/agetech.pl\/#website","url":"https:\/\/agetech.pl\/","name":"AgeTech Polska","description":"AgeTech Polska to pierwszy w Polsce portal po\u015bwi\u0119cony technologiom i innowacjom dla starzej\u0105cego si\u0119 spo\u0142ecze\u0144stwa.","publisher":{"@id":"https:\/\/agetech.pl\/#organization"},"alternateName":"AgeTech Poland","potentialAction":[{"@type":"SearchAction","target":{"@type":"EntryPoint","urlTemplate":"https:\/\/agetech.pl\/?s={search_term_string}"},"query-input":{"@type":"PropertyValueSpecification","valueRequired":true,"valueName":"search_term_string"}}],"inLanguage":"pl-PL"},{"@type":"Organization","@id":"https:\/\/agetech.pl\/#organization","name":"AgeTech Polska","url":"https:\/\/agetech.pl\/","logo":{"@type":"ImageObject","inLanguage":"pl-PL","@id":"https:\/\/agetech.pl\/#\/schema\/logo\/image\/","url":"https:\/\/agetech.pl\/wp-content\/uploads\/2025\/05\/ksenia-emelianchik-i-CJpO_SzzU-unsplash-scaled.jpg","contentUrl":"https:\/\/agetech.pl\/wp-content\/uploads\/2025\/05\/ksenia-emelianchik-i-CJpO_SzzU-unsplash-scaled.jpg","width":1707,"height":2560,"caption":"AgeTech Polska"},"image":{"@id":"https:\/\/agetech.pl\/#\/schema\/logo\/image\/"},"sameAs":["https:\/\/www.linkedin.com\/company\/agetech-polska\/"]},{"@type":"Person","@id":"https:\/\/agetech.pl\/#\/schema\/person\/0ce2ee6d36e26582d692e31675b999db","name":"Bernard Go\u0142ko","image":{"@type":"ImageObject","inLanguage":"pl-PL","@id":"https:\/\/agetech.pl\/#\/schema\/person\/image\/","url":"https:\/\/secure.gravatar.com\/avatar\/f8cccc7839379ae8d5de7b9e449f685ef675db7634a542d10671acd3816c3078?s=96&d=mm&r=g","contentUrl":"https:\/\/secure.gravatar.com\/avatar\/f8cccc7839379ae8d5de7b9e449f685ef675db7634a542d10671acd3816c3078?s=96&d=mm&r=g","caption":"Bernard Go\u0142ko"},"description":"Ekspert w dziedzinie transformacji cyfrowej w finansach i medycynie, z ponad 20-letnim do\u015bwiadczeniem w budowaniu strategii innowacji oraz wdra\u017caniu rozwi\u0105za\u0144 technologicznych dla mi\u0119dzynarodowych instytucji. Mentor w programie MFC Startup Bootcamp i wyk\u0142adowca w Polsko-Japo\u0144skiej Akademii Technik Komputerowych. Obecnie jako CEO w QVITI rozwija technologie medyczne wspieraj\u0105ce neurorehabilitacj\u0119 i d\u0142ugowieczno\u015b\u0107, \u0142\u0105cz\u0105c \u015bwiat neuro-nauki, terapii i immersyjnych technologii VR.","sameAs":["http:\/\/agatech.pl","https:\/\/www.linkedin.com\/in\/bernardgolko\/"],"url":"https:\/\/agetech.pl\/index.php\/author\/redaktor\/"}]}},"jetpack_featured_media_url":"https:\/\/agetech.pl\/wp-content\/uploads\/2025\/12\/markus-spiske-3_SvgDspSTE-unsplash-scaled.jpg","jetpack_sharing_enabled":true,"_links":{"self":[{"href":"https:\/\/agetech.pl\/index.php\/wp-json\/wp\/v2\/posts\/5244","targetHints":{"allow":["GET"]}}],"collection":[{"href":"https:\/\/agetech.pl\/index.php\/wp-json\/wp\/v2\/posts"}],"about":[{"href":"https:\/\/agetech.pl\/index.php\/wp-json\/wp\/v2\/types\/post"}],"author":[{"embeddable":true,"href":"https:\/\/agetech.pl\/index.php\/wp-json\/wp\/v2\/users\/3"}],"replies":[{"embeddable":true,"href":"https:\/\/agetech.pl\/index.php\/wp-json\/wp\/v2\/comments?post=5244"}],"version-history":[{"count":1,"href":"https:\/\/agetech.pl\/index.php\/wp-json\/wp\/v2\/posts\/5244\/revisions"}],"predecessor-version":[{"id":5247,"href":"https:\/\/agetech.pl\/index.php\/wp-json\/wp\/v2\/posts\/5244\/revisions\/5247"}],"wp:featuredmedia":[{"embeddable":true,"href":"https:\/\/agetech.pl\/index.php\/wp-json\/wp\/v2\/media\/5246"}],"wp:attachment":[{"href":"https:\/\/agetech.pl\/index.php\/wp-json\/wp\/v2\/media?parent=5244"}],"wp:term":[{"taxonomy":"category","embeddable":true,"href":"https:\/\/agetech.pl\/index.php\/wp-json\/wp\/v2\/categories?post=5244"},{"taxonomy":"post_tag","embeddable":true,"href":"https:\/\/agetech.pl\/index.php\/wp-json\/wp\/v2\/tags?post=5244"}],"curies":[{"name":"wp","href":"https:\/\/api.w.org\/{rel}","templated":true}]}}